{"id":1290,"date":"2022-12-05T12:40:16","date_gmt":"2022-12-05T12:40:16","guid":{"rendered":"https:\/\/rallyeisladelosvolcanes.es\/?p=1290"},"modified":"2022-12-05T12:53:41","modified_gmt":"2022-12-05T12:53:41","slug":"el-triunfo-de-solberg-bernacchini-elevan-la-internacionalidad-del-rallye","status":"publish","type":"post","link":"https:\/\/rallyeisladelosvolcanes.es\/?p=1290","title":{"rendered":"El triunfo de Solberg-Bernacchini eleva la internacionalidad del rallye"},"content":{"rendered":"\n<p><strong><em>&#8211;&nbsp; Solamente 2,9 segundos fue la diferencia entre el piloto noruego del Citroen C3 y los canarios Quintana-Mujica con el Skoda Fabia.<\/em><\/strong><br><strong><em>&#8211; Esteban Feo-Jes\u00fas Alonso, con Mitsubishi Lancer Evo, subieron a la tercera plaza del&nbsp;podio final y como primer equipo lanzarote\u00f1o.<\/em><\/strong><\/p>\n\n\n\n<p><strong>La nueva etapa de la prueba lanzarote\u00f1a como rallye internacional ha tenido un debut fulgurante con la espectacular victoria del noruego Henning Solberg y el italiano Giovanni Bernacchini con el Citroen C3 Rally2 del equipo Sport&amp;You, aderezada con la participaci\u00f3n de los portugueses Bernardo de Sousa-Vitor Calado con el mismo equipo, aunque no tuvieron suerte en su primera participaci\u00f3n en Lanzarote. Un lustre internacional que completaba el segundo puesto obtenido por los campeones de Espa\u00f1a de rallys en tierra, los canarios Juan Carlos Quintana-Yeray Mujica, que pusieron muy dif\u00edcil el triunfo del noruego.El CD. Evesport se siente muy satisfecho del desarrollo de todo el rallye y del gran seguimiento que ha tenido a trav\u00e9s de las redes sociales en muchos pa\u00edses europeos, sobre todo en Portugal y los pa\u00edses escandinavos. Un evento que cont\u00f3 con una gran cobertura v\u00eda streaming y un alto apoyo de aficionados y p\u00fablico en los tramos cronometrados, en esta ocasi\u00f3n regados por una lluvia que en ocasiones increment\u00f3 la dureza del recorrido y al mismo tiempo el pilotaje, por lo que se convirtieron en m\u00e1s selectivos y espectaculares.<\/strong><\/p>\n\n\n\n<figure class=\"wp-block-image size-large\"><img loading=\"lazy\" decoding=\"async\" width=\"1024\" height=\"672\" src=\"http:\/\/rallyeisladelosvolcanes.es\/wp-content\/uploads\/2022\/12\/1670144280923-1024x672.jpg\" alt=\"\" class=\"wp-image-1292\" srcset=\"https:\/\/rallyeisladelosvolcanes.es\/wp-content\/uploads\/2022\/12\/1670144280923-1024x672.jpg 1024w, https:\/\/rallyeisladelosvolcanes.es\/wp-content\/uploads\/2022\/12\/1670144280923-300x197.jpg 300w, https:\/\/rallyeisladelosvolcanes.es\/wp-content\/uploads\/2022\/12\/1670144280923-768x504.jpg 768w, https:\/\/rallyeisladelosvolcanes.es\/wp-content\/uploads\/2022\/12\/1670144280923-1536x1007.jpg 1536w, https:\/\/rallyeisladelosvolcanes.es\/wp-content\/uploads\/2022\/12\/1670144280923.jpg 2048w\" sizes=\"auto, (max-width: 1024px) 100vw, 1024px\" \/><\/figure>\n\n\n\n<p>El XXIV Rallye Internacional Isla de los Volcanes-Trofeo Ciudad de Arrecife ha estado amenizado desde el principio por la pugna de altos vuelos entre el noruego Henning Solberg y el canario Juan Carlos Quintana, que se&nbsp; han turnado en el liderato de la prueba a lo largo de los ocho tramos cronometrados disputados: \u00abBP-Puerto del Carmen-M\u00e1cher\u00bb, \u00abCASTROL-Tabayesco-Mala\u00bb y \u00abNAVIERA ARMAS-Tinajo-Las Betancoras\u00bb. Pero la dupla Solberg-Bernacchini lograron apurar al m\u00e1ximo las diferencias que sacaron sobre todo en los tramos 7 y 8, donde lleg\u00f3 la lluvia a embarrar parte de los tramos, para poner una barrera de segundos que finalmente Quintana-Mujica no lograron enjugar. Con el resultado de un flamante triunfo del equipo Solberg-Bernacchini, que se llev\u00f3 tres scratchs en los tramos, contra los cinco ganados por Quintana Mujica, segundos clasificados despu\u00e9s de correr tanto como los ganadores. El podio lo complet\u00f3 el primer equipo&nbsp;lanzarote\u00f1o, Esteban Feo-Jes\u00fas Alonso, con Mitsubishi Lancer Evo.<\/p>\n\n\n\n<p><br>A la singularidad de los trazados lanzarote\u00f1os se uni\u00f3 algo de lluvia a lo largo del d\u00eda, complicando m\u00e1s el pilotaje ante unos tramos muy deslizantes. Pero al mismo tiempo mejorando el firme de las pistas de tierra, con una gran asistencia de aficionados a pesar del agua. En la parte positiva, esta&nbsp;lluvia propici\u00f3 la ausencia del molesto polvo que siempre suele acompa\u00f1ar los rallys en tierra.<\/p>\n\n\n\n<figure class=\"wp-block-image size-large\"><img loading=\"lazy\" decoding=\"async\" width=\"1024\" height=\"576\" src=\"http:\/\/rallyeisladelosvolcanes.es\/wp-content\/uploads\/2022\/12\/1670144281101-1024x576.jpg\" alt=\"\" class=\"wp-image-1296\" srcset=\"https:\/\/rallyeisladelosvolcanes.es\/wp-content\/uploads\/2022\/12\/1670144281101-1024x576.jpg 1024w, https:\/\/rallyeisladelosvolcanes.es\/wp-content\/uploads\/2022\/12\/1670144281101-300x169.jpg 300w, https:\/\/rallyeisladelosvolcanes.es\/wp-content\/uploads\/2022\/12\/1670144281101-768x432.jpg 768w, https:\/\/rallyeisladelosvolcanes.es\/wp-content\/uploads\/2022\/12\/1670144281101-1536x864.jpg 1536w, https:\/\/rallyeisladelosvolcanes.es\/wp-content\/uploads\/2022\/12\/1670144281101.jpg 2048w\" sizes=\"auto, (max-width: 1024px) 100vw, 1024px\" \/><\/figure>\n\n\n\n<p>En la primera mitad de la prueba, la lucha por el liderato fue una pugna constante entre el Henning Solberg y Juan Carlos Quintana, que se alternaron al frente de la clasificaci\u00f3n general. El piloto del Skoda gan\u00f3 tres de los cuatro tramos realizados por ma\u00f1ana y se colocaba l\u00edder tras la segunda secci\u00f3n, con s\u00f3lo 1,8 segundos de ventaja sobre el noruego de Citroen, que ganaba el TC4 rebajando su propio crono de la pasada anterior en m\u00e1s de 12 segundos. Un cambio de ritmo que&nbsp;sobre la marcha le dejaba l\u00edder del rallye. Para Solberg todo era nuevo en este rallye y en las primeras pasadas Quintana le supera, como as\u00ed fue a continuaci\u00f3n&nbsp;y por la m\u00ednima le volv\u00eda a tomar la delantera.-Segunda pasada por los tramos de Tinajo y Tabayesco-Mala, donde Solberg volv\u00eda a demostrar que ten\u00eda ganas de subirse a lo alto del podio, rebajando de nuevo sus propios cronos y volviendo a tomar el liderato que&nbsp;lo llev\u00f3 hasta la m\u00e1xima diferencia de 6,9 segundos sobre Quintana-Mujica, ganando de paso el TC Plus (TC8 Tinajo). Solamente ced\u00eda 1,9 segundos en la \u00faltima de Tabayesco-Mala ante el&nbsp;equipo campe\u00f3n de Espa\u00f1a, lo que significaba salir en el \u00faltimo tramo con s\u00f3lo cinco segundos de ventaja.<\/p>\n\n\n\n<p><br>Y la emoci\u00f3n sub\u00eda cuando Quintana se quedaba a s\u00f3lo dos d\u00e9cimas del mejor tiempo en Tinajo marcado por el piloto de noruego. Y efectivamente, el grancanario sumaba su quinto scratch, pero el noruego de 49 a\u00f1os todav\u00eda en plena forma rall\u00edstica, se defend\u00eda bien y s\u00f3lo perd\u00eda unos segundos m\u00ednimos, manteniendo el liderato y de paso la victoria final de Solberg-Bernacchini en el Rallye Isla de los Volcanes, por s\u00f3lo 2,9 segundos de diferencia. Una ventaja en l\u00ednea con la lucha cerrada que mantuvieron durante toda la jornada con Quintana-Mujica, que pusieron muy cara la victoria y firmaron un brillante cierre de temporada 2022 con un segundo puesto de los campeones de Espa\u00f1a..<br>Henning Solberg aseguraba que estar\u00eda encantado en volver a repetir participaci\u00f3n con un equipo de gran nivel como Sport&amp;You y adem\u00e1s esperaba traer de la mano a su sobrino, el joven piloto&nbsp;Oliver Solberg, a conocer el rallye de los volcanes.<\/p>\n\n\n\n<figure class=\"wp-block-image size-large\"><img loading=\"lazy\" decoding=\"async\" width=\"1024\" height=\"576\" src=\"http:\/\/rallyeisladelosvolcanes.es\/wp-content\/uploads\/2022\/12\/1670144281021-1024x576.jpg\" alt=\"\" class=\"wp-image-1294\" srcset=\"https:\/\/rallyeisladelosvolcanes.es\/wp-content\/uploads\/2022\/12\/1670144281021-1024x576.jpg 1024w, https:\/\/rallyeisladelosvolcanes.es\/wp-content\/uploads\/2022\/12\/1670144281021-300x169.jpg 300w, https:\/\/rallyeisladelosvolcanes.es\/wp-content\/uploads\/2022\/12\/1670144281021-768x432.jpg 768w, https:\/\/rallyeisladelosvolcanes.es\/wp-content\/uploads\/2022\/12\/1670144281021-1536x864.jpg 1536w, https:\/\/rallyeisladelosvolcanes.es\/wp-content\/uploads\/2022\/12\/1670144281021.jpg 2048w\" sizes=\"auto, (max-width: 1024px) 100vw, 1024px\" \/><\/figure>\n\n\n\n<p><br><strong>SOUSA-CALADO ESTUVIERON EN LA LUCHA<\/strong> <br>Mala suerte para el portugu\u00e9s Bernardo Sousa, que despu\u00e9s de una ligera salida en el primer tramo romp\u00eda piezas de la zona delantera y as\u00ed y todo fue segundo scratch, pero no pudo seguir en el siguiente tramo. Y tras reengancharse despu\u00e9s volv\u00eda a ser segundo en el TC de Tabayesco, hasta que en un duro salto en el tramo de Tinajo, tanto \u00e9l como su copiloto Vitor Calado se lesionaban en la espalda y paraban por seguridad. Continuaron dos tramos m\u00e1s realizando cronos de cabeza, pero al llegar a la asistencia los dolores persist\u00edan y por precauci\u00f3n decidieron no continuar y pasaron por el hospital para una revisi\u00f3n. Y es que el impacto fue tan fuerte que perdieron el aler\u00f3n y la luneta trasera del coche. Posteriormente, el peor diagn\u00f3stico ser\u00eda para el piloto al descubrirse un par de fisuras en sus&nbsp;v\u00e9rtebras, mientras el copiloto solamente ten\u00eda dolores en el t\u00f3rax. El seguimiento m\u00e9dico lo seguir\u00e1n haciendo ya en <\/p>\n\n\n\n<p>El equipo portugu\u00e9s habl\u00f3 muy bien del rallye y del equipo liderado por Emma Falc\u00f3n y dese\u00f3 mucho \u00e9xito a la organizaci\u00f3n de Evesport, porque seg\u00fan ellos se merece estar en un campeonato muy superior.<br>Muy buen rallye de Esteban Feo-Jes\u00fas Alonso, que alcanzaron el podio en tercera posici\u00f3n con el Mitsubishi Lancer Evo, a pesar de algunos problemas que le hicieron penalizar 40 segundos. Este equipo ser\u00eda el mejor clasificado de los lanzarote\u00f1os y adem\u00e1s en las plazas de honor.<\/p>\n\n\n\n<p><br>Le siguen a continuaci\u00f3n Gustavo Sosa-Edu Gonz\u00e1lez con el Skoda, cuartos con el Fabia Rally2, mientras otro equipo de Fuerteventura, Iriome Perdomo-Francisco del Pino (Subaru Impreza) finalizaron quintos de la general. El l\u00edder en dos ruedas motrices durante toda la prueba, Cristian Calder\u00edn-Vero Tejera con el Golf GTi, lograron la sexta plaza absoluta, por delante de Manuel Osorio-Alberto Dos Reis (Peugeot 208 R5), que mantuvo un mano a mano con los grancanarios Iv\u00e1n Marrero-Jorge Cedr\u00e9s, que estaban subiendo posiciones con su Mitsubishi Evo X hasta la reacci\u00f3n de los gallegos, acabando octavos a s\u00f3lo 2,7 d\u00e9cimas de los anteriores.<br>Roberto Hern\u00e1ndez-Christofer Rijo (Skoda Fabia N3) y Pedro Cuarental-Dani Sosa (Mitsu Evo X), completaron el grupo de los diez primeros clasificados. Destacar tambi\u00e9n la buena actuaci\u00f3n de la joven Luzmi Santana, copilotada en esta ocasi\u00f3n por el lanzarote\u00f1o Ariday Bonilla en el Skoda Fabia, que alcanzaban finalmente&nbsp;el t\u00edtulo de campeona de Canarias N3 y Clase 3. Por otro lado, adem\u00e1s del merecido t\u00edtulo regional obtenido por Daniel Guerra, a pesar de no terminar el rallye, tambi\u00e9n se decid\u00eda el de copilotos a favor de Yeray Mujica.<br>En motos continuaba todo el d\u00eda el dominio de Andr\u00e9s Hormigo&nbsp;y de Javier Pe\u00f1a en quads, que fueron los claros vencedores de&nbsp;un rallye que se les hizo muy duro,pero al mismo tiempo lo disfrutaron como ninguna otra prueba seg\u00fan sus propios comentarios sobre la rampa de meta.<\/p>\n\n\n\n<figure class=\"wp-block-image size-large\"><img loading=\"lazy\" decoding=\"async\" width=\"1024\" height=\"733\" src=\"http:\/\/rallyeisladelosvolcanes.es\/wp-content\/uploads\/2022\/12\/IMG_5802-1024x733.jpg\" alt=\"\" class=\"wp-image-1274\" srcset=\"https:\/\/rallyeisladelosvolcanes.es\/wp-content\/uploads\/2022\/12\/IMG_5802-1024x733.jpg 1024w, https:\/\/rallyeisladelosvolcanes.es\/wp-content\/uploads\/2022\/12\/IMG_5802-300x215.jpg 300w, https:\/\/rallyeisladelosvolcanes.es\/wp-content\/uploads\/2022\/12\/IMG_5802-768x550.jpg 768w, https:\/\/rallyeisladelosvolcanes.es\/wp-content\/uploads\/2022\/12\/IMG_5802-1536x1099.jpg 1536w, https:\/\/rallyeisladelosvolcanes.es\/wp-content\/uploads\/2022\/12\/IMG_5802.jpg 1984w\" sizes=\"auto, (max-width: 1024px) 100vw, 1024px\" \/><\/figure>\n\n\n\n<p><br><strong>CEREMONIA DE LLEGADA<\/strong><\/p>\n\n\n\n<p>El s\u00e1bado a las 20 horas se inici\u00f3 como estaba programada la ceremonia de entrega de trofeos, un broche final al que asisti\u00f3 el consejero de Deportes del Cabildo de Lanzarote, Alfredo Mendoza. Por otra parte, los concejales del Ayuntamiento de Arrecife Rosmen Quevedo y Roberto Hebr\u00f3n, junto a los presidentes de las federaciones en funciones, Benito Rodr\u00edguez y Miguel Angel Dom\u00ednguez, adem\u00e1s de representantes de los patrocinadores, como Javier Mart\u00edn, director de comunicaci\u00f3n del Grupo Cabrera Medina. Y por supuesto, el presidente de la organizaci\u00f3n de Evesport, Jos\u00e9 V\u00edctor Rodr\u00edguez, que entreg\u00f3 un recuerdo del rallye a todas las personalidades y colaboradores m\u00e1s cercanos que han hecho posible la celebraci\u00f3n de un rallye, que \u00abempez\u00f3 en abril y finaliz\u00f3 este s\u00e1bado 3 de diciembre\u00bb&#8230;. La edici\u00f3n m\u00e1s larga, que al final ha visto la luz como se merece el mundo del automovilismo de Lanzarote y Canarias.<\/p>\n\n\n\n<figure class=\"wp-block-image size-large\"><img loading=\"lazy\" decoding=\"async\" width=\"1024\" height=\"576\" src=\"http:\/\/rallyeisladelosvolcanes.es\/wp-content\/uploads\/2022\/12\/1670144280843-1024x576.jpg\" alt=\"\" class=\"wp-image-1291\" srcset=\"https:\/\/rallyeisladelosvolcanes.es\/wp-content\/uploads\/2022\/12\/1670144280843-1024x576.jpg 1024w, https:\/\/rallyeisladelosvolcanes.es\/wp-content\/uploads\/2022\/12\/1670144280843-300x169.jpg 300w, https:\/\/rallyeisladelosvolcanes.es\/wp-content\/uploads\/2022\/12\/1670144280843-768x432.jpg 768w, https:\/\/rallyeisladelosvolcanes.es\/wp-content\/uploads\/2022\/12\/1670144280843-1536x864.jpg 1536w, https:\/\/rallyeisladelosvolcanes.es\/wp-content\/uploads\/2022\/12\/1670144280843.jpg 2048w\" sizes=\"auto, (max-width: 1024px) 100vw, 1024px\" \/><\/figure>\n\n\n\n<p><\/p>\n","protected":false},"excerpt":{"rendered":"<p>&#8211;&nbsp; Solamente 2,9 segundos fue la diferencia entre el piloto noruego del Citroen C3 y los canarios Quintana-Mujica con el<\/p>\n","protected":false},"author":2,"featured_media":1295,"comment_status":"open","ping_status":"open","sticky":false,"template":"","format":"standard","meta":{"colormag_page_layout":"default_layout","footnotes":""},"categories":[10,15],"tags":[],"class_list":["post-1290","post","type-post","status-publish","format-standard","has-post-thumbnail","hentry","category-general","category-sports"],"_links":{"self":[{"href":"https:\/\/rallyeisladelosvolcanes.es\/index.php?rest_route=\/wp\/v2\/posts\/1290","targetHints":{"allow":["GET"]}}],"collection":[{"href":"https:\/\/rallyeisladelosvolcanes.es\/index.php?rest_route=\/wp\/v2\/posts"}],"about":[{"href":"https:\/\/rallyeisladelosvolcanes.es\/index.php?rest_route=\/wp\/v2\/types\/post"}],"author":[{"embeddable":true,"href":"https:\/\/rallyeisladelosvolcanes.es\/index.php?rest_route=\/wp\/v2\/users\/2"}],"replies":[{"embeddable":true,"href":"https:\/\/rallyeisladelosvolcanes.es\/index.php?rest_route=%2Fwp%2Fv2%2Fcomments&post=1290"}],"version-history":[{"count":3,"href":"https:\/\/rallyeisladelosvolcanes.es\/index.php?rest_route=\/wp\/v2\/posts\/1290\/revisions"}],"predecessor-version":[{"id":1300,"href":"https:\/\/rallyeisladelosvolcanes.es\/index.php?rest_route=\/wp\/v2\/posts\/1290\/revisions\/1300"}],"wp:featuredmedia":[{"embeddable":true,"href":"https:\/\/rallyeisladelosvolcanes.es\/index.php?rest_route=\/wp\/v2\/media\/1295"}],"wp:attachment":[{"href":"https:\/\/rallyeisladelosvolcanes.es\/index.php?rest_route=%2Fwp%2Fv2%2Fmedia&parent=1290"}],"wp:term":[{"taxonomy":"category","embeddable":true,"href":"https:\/\/rallyeisladelosvolcanes.es\/index.php?rest_route=%2Fwp%2Fv2%2Fcategories&post=1290"},{"taxonomy":"post_tag","embeddable":true,"href":"https:\/\/rallyeisladelosvolcanes.es\/index.php?rest_route=%2Fwp%2Fv2%2Ftags&post=1290"}],"curies":[{"name":"wp","href":"https:\/\/api.w.org\/{rel}","templated":true}]}}