{"id":1487,"date":"2023-08-27T10:01:47","date_gmt":"2023-08-27T10:01:47","guid":{"rendered":"https:\/\/rallyeisladelosvolcanes.es\/?p=1487"},"modified":"2023-08-27T10:01:49","modified_gmt":"2023-08-27T10:01:49","slug":"calidad-internacional-y-regional-en-la-lista-con-36-equipos-inscritos","status":"publish","type":"post","link":"https:\/\/rallyeisladelosvolcanes.es\/?p=1487","title":{"rendered":"Calidad internacional y regional en la lista con 36 equipos inscritos"},"content":{"rendered":"\n<h2 class=\"wp-block-heading\"><strong>International and regional quality in the entry list with 36 registered teams<\/strong><\/h2>\n\n\n\n<p><em><strong>&#8211; El n\u00famero uno&nbsp;<\/strong><strong>del 25\u00ba Rallye Isla de Los Volcanes \u2013 Trofeo Ciudad de Arrecife<\/strong><strong>, para Mads Ostberg-Patrik Barth (Citroen C3 Rally2).<\/strong><\/em><\/p>\n\n\n\n<p><strong>&#8211;\u00a0<\/strong>The number one of the 25th Isla de los Volcanes Rally \u2013 Ciudad de Arrecife Trophy, for Mads Ostberg-Patrik Barth (Citroen C3 Rally2).<\/p>\n\n\n\n<p><strong>Este viernes se acaba de publicar la lista oficial de inscritos por orden de salida y con este paso ya solamente quedan muy pocos d\u00edas para la semana \u00abgrande\u00bb del automovilismo lanzarote\u00f1o, con todas las actividades del RTIV23&nbsp;que se concentran&nbsp;el viernes 1 y el s\u00e1bado 2 de septiembre. La participaci\u00f3n&nbsp;en el 25\u00ba Rallye Isla de Los Volcanes \u2013 Trofeo Ciudad de Arrecife combina calidad y cantidad a partes iguales. Treinta y seis equipos participar\u00e1n en la segunda cita de los campeonatos de Canarias y Provincial de Las Palmas de Rallys sobre Tierra. El n\u00famero uno estar\u00e1 en las puertas del Citro\u00ebn C3 Rally2 de los n\u00f3rdicos Mads Ostberg y Patrik Barth, liderando la categor\u00eda internacional de este rallye FIA.<\/strong><\/p>\n\n\n\n<p>El piloto noruego es una de las estrellas internacionales invitadas a competir en la edici\u00f3n de esta temporada. La otra figura mundialista de la prueba lanzarote\u00f1a es la del paraguayo Diego Dom\u00ednguez, que estar\u00e1 acompa\u00f1ado en el habit\u00e1culo de otra unidad Citro\u00ebn C3 Rally2 por el grancanario Rogelio Pe\u00f1ate. Ambas duplas mundialistas compartir\u00e1n espacio en la estructura de Sports&amp;You.<\/p>\n\n\n\n<p>La representaci\u00f3n canaria la encabezan Juan Carlos Quintana-Yeray Mujica con un Skoda Fabia Rally2 Evo. Los vigentes campeones de la Copa de Espa\u00f1a de Rallyes de Tierra tratar\u00e1n de superar la segunda posici\u00f3n en la que terminaron el a\u00f1o pasado. Para conseguir ese objetivo no solo tendr\u00e1n que vigilar a los equipos provenientes del extranjero, sino que tambi\u00e9n a los locales Yeray Lemes y Aitor Cambeiro. El de Teguise regresa al interior de un Hyundai i20 N Rally2, un coche que solo conoce en asfalto.<\/p>\n\n\n\n<p>Una de las numerosas novedades del fin de semana la protagoniza el Ford Fiesta Rally3 de Alejandro Rodr\u00edguez-Miguel \u00c1ngel Rodr\u00edguez. Este veh\u00edculo es primicia para los aficionados conejeros y la modalidad de tierra a lo largo y ancho de las Islas Canarias.<\/p>\n\n\n\n<p>Los l\u00edderes del Campeonato de Canarias de Rallyes sobre Tierra, Borja P\u00e9rez y Rub\u00e9n P\u00e9rez, acuden a la cita con base en Arrecife con su Mitsubishi Lancer Evo IX. Los binomios conformados por Esteban Feo-Jes\u00fas Alonso, An\u00edbal Hern\u00e1ndez-Jonathan Hern\u00e1ndez, Javier Fr\u00e1nquiz-Jordi D\u00edaz, Javier Sosa-Javier Fragiel, Iv\u00e1n Marrero-Claudia Lemes, Francisco \u00c1lamo-Rita Rodr\u00edguez y Rafael P\u00e9rez-Minerva Llarena tambi\u00e9n se pondr\u00e1n a los mandos de diferentes modelos Mitsubishi. Iriome Perdomo y Francisco Cabrera, por su parte, dirigir\u00e1n un Subaru Impreza STI, mientras que Juan Jos\u00e9 de la Cruz y Nereida de la Cruz tripulan un Mazda 323 GT-R.<\/p>\n\n\n\n<p>Por lo que respecta a los 2 Ruedas Motrices de tracci\u00f3n delantera, destacan el Volkswagen Golf GTI de Cristian Calder\u00edn-Ver\u00f3nica Tejera, el Ford Fiesta R2T de \u2018To\u00f1\u00edn\u2019 Su\u00e1rez-Jorge Cedr\u00e9s y los Seat Ibiza Cupra de Kilian Camacho-Airam P\u00e9rez y V\u00edctor Barreto-Tanaus\u00fa Barreto.<\/p>\n\n\n\n<p>El evento organizado por Club Deportivo Evesport tambi\u00e9n contar\u00e1 con la presencia del dakariano Pedro Pe\u00f1ate, quien desplazar\u00e1 desde Gran Canaria su singular Can-Am Maverick Turbo RR. Luis Alberto Hern\u00e1ndez ser\u00e1 el navegante encargado de cantarle las notas.<\/p>\n\n\n\n<p>El programa del RTIV23&nbsp;continuar\u00e1 el pr\u00f3ximo mi\u00e9rcoles con la presentaci\u00f3n oficial de la prueba en el Islote de la Fermina, en la Marina de Arrecife, a las 12:00 horas. Desde el martes, los pilotos internacionales y sus copilotos llegar\u00e1n a Lanzarote para conocer mejor la isla. Y nada mejor que visitar los Centros de Arte, Cultura y Turismo por gentileza del Cabildo de Lanzarote.<\/p>\n\n\n\n<p><\/p>\n","protected":false},"excerpt":{"rendered":"<p>International and regional quality in the entry list with 36 registered teams &#8211; El n\u00famero uno&nbsp;del 25\u00ba Rallye Isla de<\/p>\n","protected":false},"author":2,"featured_media":1463,"comment_status":"open","ping_status":"open","sticky":false,"template":"","format":"standard","meta":{"colormag_page_layout":"default_layout","footnotes":""},"categories":[10,15],"tags":[],"class_list":["post-1487","post","type-post","status-publish","format-standard","has-post-thumbnail","hentry","category-general","category-sports"],"_links":{"self":[{"href":"https:\/\/rallyeisladelosvolcanes.es\/index.php?rest_route=\/wp\/v2\/posts\/1487","targetHints":{"allow":["GET"]}}],"collection":[{"href":"https:\/\/rallyeisladelosvolcanes.es\/index.php?rest_route=\/wp\/v2\/posts"}],"about":[{"href":"https:\/\/rallyeisladelosvolcanes.es\/index.php?rest_route=\/wp\/v2\/types\/post"}],"author":[{"embeddable":true,"href":"https:\/\/rallyeisladelosvolcanes.es\/index.php?rest_route=\/wp\/v2\/users\/2"}],"replies":[{"embeddable":true,"href":"https:\/\/rallyeisladelosvolcanes.es\/index.php?rest_route=%2Fwp%2Fv2%2Fcomments&post=1487"}],"version-history":[{"count":1,"href":"https:\/\/rallyeisladelosvolcanes.es\/index.php?rest_route=\/wp\/v2\/posts\/1487\/revisions"}],"predecessor-version":[{"id":1488,"href":"https:\/\/rallyeisladelosvolcanes.es\/index.php?rest_route=\/wp\/v2\/posts\/1487\/revisions\/1488"}],"wp:featuredmedia":[{"embeddable":true,"href":"https:\/\/rallyeisladelosvolcanes.es\/index.php?rest_route=\/wp\/v2\/media\/1463"}],"wp:attachment":[{"href":"https:\/\/rallyeisladelosvolcanes.es\/index.php?rest_route=%2Fwp%2Fv2%2Fmedia&parent=1487"}],"wp:term":[{"taxonomy":"category","embeddable":true,"href":"https:\/\/rallyeisladelosvolcanes.es\/index.php?rest_route=%2Fwp%2Fv2%2Fcategories&post=1487"},{"taxonomy":"post_tag","embeddable":true,"href":"https:\/\/rallyeisladelosvolcanes.es\/index.php?rest_route=%2Fwp%2Fv2%2Ftags&post=1487"}],"curies":[{"name":"wp","href":"https:\/\/api.w.org\/{rel}","templated":true}]}}