{"id":1495,"date":"2023-08-29T20:51:02","date_gmt":"2023-08-29T20:51:02","guid":{"rendered":"https:\/\/rallyeisladelosvolcanes.es\/?p=1495"},"modified":"2023-08-30T18:23:47","modified_gmt":"2023-08-30T18:23:47","slug":"mads-ostberg-y-diego-dominguez-ya-estan-en-lanzarote-para-preparar-el-rtiv23","status":"publish","type":"post","link":"https:\/\/rallyeisladelosvolcanes.es\/?p=1495","title":{"rendered":"Mads Ostberg y Diego Dom\u00ednguez ya est\u00e1n en Lanzarote para preparar el RTIV23"},"content":{"rendered":"\n<ul class=\"wp-block-list\"><li><strong>Con sus respectivos copilotos Patrik Barth y Rogelio Pe\u00f1ate.<\/strong><\/li><\/ul>\n\n\n\n<figure class=\"wp-block-image size-large\"><img loading=\"lazy\" decoding=\"async\" width=\"1024\" height=\"768\" src=\"http:\/\/rallyeisladelosvolcanes.es\/wp-content\/uploads\/2023\/08\/1693340215241-1024x768.jpg\" alt=\"\" class=\"wp-image-1498\" srcset=\"https:\/\/rallyeisladelosvolcanes.es\/wp-content\/uploads\/2023\/08\/1693340215241-1024x768.jpg 1024w, https:\/\/rallyeisladelosvolcanes.es\/wp-content\/uploads\/2023\/08\/1693340215241-300x225.jpg 300w, https:\/\/rallyeisladelosvolcanes.es\/wp-content\/uploads\/2023\/08\/1693340215241-768x576.jpg 768w, https:\/\/rallyeisladelosvolcanes.es\/wp-content\/uploads\/2023\/08\/1693340215241-1536x1152.jpg 1536w, https:\/\/rallyeisladelosvolcanes.es\/wp-content\/uploads\/2023\/08\/1693340215241-2048x1536.jpg 2048w\" sizes=\"auto, (max-width: 1024px) 100vw, 1024px\" \/><figcaption>Dom\u00ednguez y Pe\u00f1ate visitando Los Jameos del Agua.<\/figcaption><\/figure>\n\n\n\n<p>Este mi\u00e9rcoles a las 12:30 horas con la presentaci\u00f3n oficial (Islote de la Fermina &#8211; Arrecife), comienza a crecer el ambiente entorno al Rallye Isla de los Volcanes-Trofeo Ciudad de Arrecife que se disputa este viernes y s\u00e1bado en Lanzarote, como prueba&nbsp;FIA internacional y puntuable para el Campeonato de Canarias de la especialidad, con 36 equipos inscritos. De todos ellos destacan los mundialistas invitados a esta edici\u00f3n para dar espect\u00e1culo y luchar por la victoria, adem\u00e1s de aumentar la notoriedad del RTIV23. Son el noruego Mads Ostberg copilotado por el sueco Patrik Barth, junto al paraguayo Diego Dom\u00ednguez con el grancanario Rogelio Pe\u00f1ate a la derecha, en ambos casos con sendos Citroen C3 Rally2 del preparador portugu\u00e9s Sport&amp;You.&nbsp;<\/p>\n\n\n\n<p><br>Estos pilotos y copilotos ya est\u00e1n en Lanzarote desde este martes y han aprovechado la jornada para la necesaria adaptaci\u00f3n a la climatolog\u00eda isle\u00f1a y conocer un poco mejor los atractivos tur\u00edsticos de la mano de los Centros de Arte, Cultura y Turismo. Dom\u00ednguez y Pe\u00f1ate visitaron los Jameos del Agua&nbsp;y el Parque Nacional de Timanfaya y ma\u00f1ana le tocar\u00e1 el turno a Ostberg-Barth.<\/p>\n\n\n\n<p><br>Los dos equipos \u00abestrellas\u00bb del RTIV23&nbsp;fueron recibidos por el presidente de Evesport, Jos\u00e9 V\u00edctor Rodr\u00edguez, siendo acompa\u00f1ados por miembros de la organizaci\u00f3n a las visitas realizadas en esta primera jornada de estancia en Lanzarote.<\/p>\n\n\n\n<figure class=\"wp-block-image size-large\"><img loading=\"lazy\" decoding=\"async\" width=\"1024\" height=\"576\" src=\"http:\/\/rallyeisladelosvolcanes.es\/wp-content\/uploads\/2023\/08\/1693340215222-1024x576.jpg\" alt=\"\" class=\"wp-image-1499\" srcset=\"https:\/\/rallyeisladelosvolcanes.es\/wp-content\/uploads\/2023\/08\/1693340215222-1024x576.jpg 1024w, https:\/\/rallyeisladelosvolcanes.es\/wp-content\/uploads\/2023\/08\/1693340215222-300x169.jpg 300w, https:\/\/rallyeisladelosvolcanes.es\/wp-content\/uploads\/2023\/08\/1693340215222-768x432.jpg 768w, https:\/\/rallyeisladelosvolcanes.es\/wp-content\/uploads\/2023\/08\/1693340215222-1536x864.jpg 1536w, https:\/\/rallyeisladelosvolcanes.es\/wp-content\/uploads\/2023\/08\/1693340215222.jpg 1600w\" sizes=\"auto, (max-width: 1024px) 100vw, 1024px\" \/><figcaption>En Timanfaya y sus Monta\u00f1as del Fuego<\/figcaption><\/figure>\n\n\n\n<p>Este mi\u00e9rcoles por la tarde llegar\u00e1n los veh\u00edculos de competici\u00f3n de estos dos equipos y a partir del jueves ya estar\u00e1n todos concentrados en Lanzarote para los reconocimientos de los tramos y algunos tests privados. Entre ellos Juan Carlos Quintana-Yeray Mujica (Skoda Fabia Rally2 Evo) y Yeray Lemes-Aitor Cambeiro (Hyundai i20 Rally2), que ser\u00e1n la oposici\u00f3n m\u00e1s cualificada que tendr\u00e1n los mundialistas en esta 25\u00ba edici\u00f3n del \u00abIsla de los Volcanes\u00bb.<\/p>\n\n\n\n<p><br>Recordamos la presentaci\u00f3n de este mi\u00e9rcoles a partir de las 12:30 horas en Islote la Fermina de Arrecife, a la que asistir\u00e1n los piloto\/copilotos invitados y el presidente del Cabildo Insular, Oswaldo&nbsp;Betancort, entre otros representantes institucionales.<br><\/p>\n\n\n\n<p>Por otro lado, desde el pasado lunes ya est\u00e1 firmada la autorizaci\u00f3n para la celebraci\u00f3n del rallye con todos los permisos necesarios, lo que sin duda respalda el trabajo de la organizaci\u00f3n del CD. Evesport al tener con suficiente antelaci\u00f3n el ok a la prueba, para tranquilidad de participantes, p\u00fablico y autoridades.<\/p>\n\n\n\n<p><\/p>\n","protected":false},"excerpt":{"rendered":"<p>Con sus respectivos copilotos Patrik Barth y Rogelio Pe\u00f1ate. Este mi\u00e9rcoles a las 12:30 horas con la presentaci\u00f3n oficial (Islote<\/p>\n","protected":false},"author":2,"featured_media":1514,"comment_status":"open","ping_status":"open","sticky":false,"template":"","format":"standard","meta":{"colormag_page_layout":"default_layout","footnotes":""},"categories":[10,15],"tags":[],"class_list":["post-1495","post","type-post","status-publish","format-standard","has-post-thumbnail","hentry","category-general","category-sports"],"_links":{"self":[{"href":"https:\/\/rallyeisladelosvolcanes.es\/index.php?rest_route=\/wp\/v2\/posts\/1495","targetHints":{"allow":["GET"]}}],"collection":[{"href":"https:\/\/rallyeisladelosvolcanes.es\/index.php?rest_route=\/wp\/v2\/posts"}],"about":[{"href":"https:\/\/rallyeisladelosvolcanes.es\/index.php?rest_route=\/wp\/v2\/types\/post"}],"author":[{"embeddable":true,"href":"https:\/\/rallyeisladelosvolcanes.es\/index.php?rest_route=\/wp\/v2\/users\/2"}],"replies":[{"embeddable":true,"href":"https:\/\/rallyeisladelosvolcanes.es\/index.php?rest_route=%2Fwp%2Fv2%2Fcomments&post=1495"}],"version-history":[{"count":2,"href":"https:\/\/rallyeisladelosvolcanes.es\/index.php?rest_route=\/wp\/v2\/posts\/1495\/revisions"}],"predecessor-version":[{"id":1515,"href":"https:\/\/rallyeisladelosvolcanes.es\/index.php?rest_route=\/wp\/v2\/posts\/1495\/revisions\/1515"}],"wp:featuredmedia":[{"embeddable":true,"href":"https:\/\/rallyeisladelosvolcanes.es\/index.php?rest_route=\/wp\/v2\/media\/1514"}],"wp:attachment":[{"href":"https:\/\/rallyeisladelosvolcanes.es\/index.php?rest_route=%2Fwp%2Fv2%2Fmedia&parent=1495"}],"wp:term":[{"taxonomy":"category","embeddable":true,"href":"https:\/\/rallyeisladelosvolcanes.es\/index.php?rest_route=%2Fwp%2Fv2%2Fcategories&post=1495"},{"taxonomy":"post_tag","embeddable":true,"href":"https:\/\/rallyeisladelosvolcanes.es\/index.php?rest_route=%2Fwp%2Fv2%2Ftags&post=1495"}],"curies":[{"name":"wp","href":"https:\/\/api.w.org\/{rel}","templated":true}]}}