{"id":1503,"date":"2023-08-30T18:13:55","date_gmt":"2023-08-30T18:13:55","guid":{"rendered":"https:\/\/rallyeisladelosvolcanes.es\/?p=1503"},"modified":"2023-08-30T18:16:38","modified_gmt":"2023-08-30T18:16:38","slug":"unidos-por-el-trabajo-de-un-gran-rallye","status":"publish","type":"post","link":"https:\/\/rallyeisladelosvolcanes.es\/?p=1503","title":{"rendered":"Unidos por el trabajo de un gran Rallye"},"content":{"rendered":"\n<h2 class=\"wp-block-heading\">Presentaci\u00f3n oficial de la prueba<\/h2>\n\n\n\n<figure class=\"wp-block-image size-large\"><img loading=\"lazy\" decoding=\"async\" width=\"1024\" height=\"682\" src=\"https:\/\/rallyeisladelosvolcanes.es\/wp-content\/uploads\/2023\/08\/XXV-Rallye-de-Tierra-Isla-de-Los-Volcanes-Trofeo-Ciudad-de-Arrecife-44-1024x682.jpg\" alt=\"\" class=\"wp-image-1504\" srcset=\"https:\/\/rallyeisladelosvolcanes.es\/wp-content\/uploads\/2023\/08\/XXV-Rallye-de-Tierra-Isla-de-Los-Volcanes-Trofeo-Ciudad-de-Arrecife-44-1024x682.jpg 1024w, https:\/\/rallyeisladelosvolcanes.es\/wp-content\/uploads\/2023\/08\/XXV-Rallye-de-Tierra-Isla-de-Los-Volcanes-Trofeo-Ciudad-de-Arrecife-44-300x200.jpg 300w, https:\/\/rallyeisladelosvolcanes.es\/wp-content\/uploads\/2023\/08\/XXV-Rallye-de-Tierra-Isla-de-Los-Volcanes-Trofeo-Ciudad-de-Arrecife-44-768x512.jpg 768w, https:\/\/rallyeisladelosvolcanes.es\/wp-content\/uploads\/2023\/08\/XXV-Rallye-de-Tierra-Isla-de-Los-Volcanes-Trofeo-Ciudad-de-Arrecife-44-1536x1024.jpg 1536w, https:\/\/rallyeisladelosvolcanes.es\/wp-content\/uploads\/2023\/08\/XXV-Rallye-de-Tierra-Isla-de-Los-Volcanes-Trofeo-Ciudad-de-Arrecife-44.jpg 2000w\" sizes=\"auto, (max-width: 1024px) 100vw, 1024px\" \/><\/figure>\n\n\n\n<p>El Islote de la Fermina acogi\u00f3 un a\u00f1o m\u00e1s la presentaci\u00f3n del Rallye Isla de los Volcanes-Trofeo Ciudad de Arrecife organizado por el CD. Evesport, que se disputar\u00e1 este viernes y s\u00e1bado en Lanzarote, con 36 equipos inscritos entre los que destacan pilotos de la talla de los mundialistas Mads Ostberg y Diego Dom\u00ednguez, el campe\u00f3n del CERT Juan Carlos Quintana y el lanzarote\u00f1o Yeray Lemes. Los dos primeros buscan su primer triunfo en el \u00abVolcanes\u00bb, mientras los canarios ya saben lo que es ganar en la prueba de casa. El acto cont\u00f3 con una amplia representaci\u00f3n institucional encabezada por el presidente del Cabildo de Lanzarote, Oswaldo Betancort, junto al director general de Deportes del Gobierno de Canarias, Jos\u00e9 Francisco P\u00e9rez.<\/p>\n\n\n\n<figure class=\"wp-block-image size-large\"><img loading=\"lazy\" decoding=\"async\" width=\"1024\" height=\"682\" src=\"https:\/\/rallyeisladelosvolcanes.es\/wp-content\/uploads\/2023\/08\/XXV-Rallye-de-Tierra-Isla-de-Los-Volcanes-Trofeo-Ciudad-de-Arrecife-4-1024x682.jpg\" alt=\"\" class=\"wp-image-1506\" srcset=\"https:\/\/rallyeisladelosvolcanes.es\/wp-content\/uploads\/2023\/08\/XXV-Rallye-de-Tierra-Isla-de-Los-Volcanes-Trofeo-Ciudad-de-Arrecife-4-1024x682.jpg 1024w, https:\/\/rallyeisladelosvolcanes.es\/wp-content\/uploads\/2023\/08\/XXV-Rallye-de-Tierra-Isla-de-Los-Volcanes-Trofeo-Ciudad-de-Arrecife-4-300x200.jpg 300w, https:\/\/rallyeisladelosvolcanes.es\/wp-content\/uploads\/2023\/08\/XXV-Rallye-de-Tierra-Isla-de-Los-Volcanes-Trofeo-Ciudad-de-Arrecife-4-768x512.jpg 768w, https:\/\/rallyeisladelosvolcanes.es\/wp-content\/uploads\/2023\/08\/XXV-Rallye-de-Tierra-Isla-de-Los-Volcanes-Trofeo-Ciudad-de-Arrecife-4-1536x1024.jpg 1536w, https:\/\/rallyeisladelosvolcanes.es\/wp-content\/uploads\/2023\/08\/XXV-Rallye-de-Tierra-Isla-de-Los-Volcanes-Trofeo-Ciudad-de-Arrecife-4.jpg 2000w\" sizes=\"auto, (max-width: 1024px) 100vw, 1024px\" \/><\/figure>\n\n\n\n<p><br>Por parte del Cabildo&nbsp;Insular participaron tambi\u00e9n el consejero de Deportes Juan Monz\u00f3n y el de Actividades Clasificadas y Pol\u00edtica Territorial, Jes\u00fas Mach\u00edn, cuya labor de ambos ha sido clave para que la prueba cumpla todos los requisitos que la hagan posible, como recalc\u00f3 su propio presidente, que empez\u00f3 su intervenci\u00f3n de apoyo al #RTIV23&nbsp;comentando \u00abtodo mi equipo de gobierno sab\u00eda para que yo estuviese hoy aqu\u00ed, que ten\u00eda que estar todo anteriormente aprobado y firmado\u00bb, en referencia a los permisos de la prueba que este a\u00f1o se han autorizado con m\u00e1s antelaci\u00f3n que nunca. Oswaldo Betancort destac\u00f3 la importancia del evento para una isla europea del deporte y desde el reciente inicio de mandato se puso el compromiso sobre la mesa, en el sentido de buscar una senda que se puede ir mejorando con el paso del tiempo y continuar fortaleciendo la prueba como internacional, con el trabajo conjunto de instituciones, t\u00e9cnicos y organizadores.<\/p>\n\n\n\n<p><br>Por parte del Ayuntamiento de la capital Arrecife estuvieron presentes la concejala de Turismo y Comercio, Ely Merino, junto al delegado en Deportes, Juanjo L\u00f3pez, que&nbsp;tom\u00f3 la palabra para mostrar el orgullo de la ciudad por acoger el rallye un a\u00f1o m\u00e1s y, especialmente, en este 2023 que&nbsp;se celebra el 225\u00ba aniversario de su fundaci\u00f3n.<\/p>\n\n\n\n<figure class=\"wp-block-image size-large\"><img loading=\"lazy\" decoding=\"async\" width=\"1024\" height=\"682\" src=\"https:\/\/rallyeisladelosvolcanes.es\/wp-content\/uploads\/2023\/08\/XXV-Rallye-de-Tierra-Isla-de-Los-Volcanes-Trofeo-Ciudad-de-Arrecife-18-1024x682.jpg\" alt=\"\" class=\"wp-image-1507\" srcset=\"https:\/\/rallyeisladelosvolcanes.es\/wp-content\/uploads\/2023\/08\/XXV-Rallye-de-Tierra-Isla-de-Los-Volcanes-Trofeo-Ciudad-de-Arrecife-18-1024x682.jpg 1024w, https:\/\/rallyeisladelosvolcanes.es\/wp-content\/uploads\/2023\/08\/XXV-Rallye-de-Tierra-Isla-de-Los-Volcanes-Trofeo-Ciudad-de-Arrecife-18-300x200.jpg 300w, https:\/\/rallyeisladelosvolcanes.es\/wp-content\/uploads\/2023\/08\/XXV-Rallye-de-Tierra-Isla-de-Los-Volcanes-Trofeo-Ciudad-de-Arrecife-18-768x512.jpg 768w, https:\/\/rallyeisladelosvolcanes.es\/wp-content\/uploads\/2023\/08\/XXV-Rallye-de-Tierra-Isla-de-Los-Volcanes-Trofeo-Ciudad-de-Arrecife-18-1536x1024.jpg 1536w, https:\/\/rallyeisladelosvolcanes.es\/wp-content\/uploads\/2023\/08\/XXV-Rallye-de-Tierra-Isla-de-Los-Volcanes-Trofeo-Ciudad-de-Arrecife-18.jpg 2000w\" sizes=\"auto, (max-width: 1024px) 100vw, 1024px\" \/><\/figure>\n\n\n\n<p><br>La mayor\u00eda de los ayuntamientos estuvieron representados en el acto que da el \u00abbanderazo\u00bb de salida al RTIV23. Por Yaiza su alcalde Oscar Noda y el concejal de Deportes Angel Lago; el alcalde de Tinajo Jes\u00fas Mach\u00edn Duque; y los concejales de deportes Sergio Garc\u00eda (T\u00edas), Alejandro Ram\u00edrez (Teguise) y&nbsp;Alexis Hern\u00e1ndez (San Bartolom\u00e9). Todos celebraron que un a\u00f1o m\u00e1s la prueba siga creciendo en todos los sentidos y especialmente en la promoci\u00f3n de Lanzarote, adem\u00e1s de desear suerte a los participantes y pidiendo el debido respeto por la seguridad del p\u00fablico y del Medio Ambiente.<\/p>\n\n\n\n<p><br>Por los patrocinadores dese\u00f3 suerte a los participantes y organizadores Pello Cabrera, en representaci\u00f3n del Grupo Cabrera Medina de Lanzarote (CICAR y Orvecame), principal sponsor privado del RTIV23.<\/p>\n\n\n\n<figure class=\"wp-block-image size-large\"><img loading=\"lazy\" decoding=\"async\" width=\"1024\" height=\"778\" src=\"https:\/\/rallyeisladelosvolcanes.es\/wp-content\/uploads\/2023\/08\/XXV-Rallye-de-Tierra-Isla-de-Los-Volcanes-Trofeo-Ciudad-de-Arrecife-9-1024x778.jpg\" alt=\"\" class=\"wp-image-1510\" srcset=\"https:\/\/rallyeisladelosvolcanes.es\/wp-content\/uploads\/2023\/08\/XXV-Rallye-de-Tierra-Isla-de-Los-Volcanes-Trofeo-Ciudad-de-Arrecife-9-1024x778.jpg 1024w, https:\/\/rallyeisladelosvolcanes.es\/wp-content\/uploads\/2023\/08\/XXV-Rallye-de-Tierra-Isla-de-Los-Volcanes-Trofeo-Ciudad-de-Arrecife-9-300x228.jpg 300w, https:\/\/rallyeisladelosvolcanes.es\/wp-content\/uploads\/2023\/08\/XXV-Rallye-de-Tierra-Isla-de-Los-Volcanes-Trofeo-Ciudad-de-Arrecife-9-768x583.jpg 768w, https:\/\/rallyeisladelosvolcanes.es\/wp-content\/uploads\/2023\/08\/XXV-Rallye-de-Tierra-Isla-de-Los-Volcanes-Trofeo-Ciudad-de-Arrecife-9-1536x1167.jpg 1536w, https:\/\/rallyeisladelosvolcanes.es\/wp-content\/uploads\/2023\/08\/XXV-Rallye-de-Tierra-Isla-de-Los-Volcanes-Trofeo-Ciudad-de-Arrecife-9.jpg 1975w\" sizes=\"auto, (max-width: 1024px) 100vw, 1024px\" \/><figcaption>Oswaldo Betancort<\/figcaption><\/figure>\n\n\n\n<p><br>Y ya en la parte deportiva, acudieron a la presentaci\u00f3n el presidente de la FALP Miguel Angel Dom\u00ednguez y el de la FIASCT, Francisco Negr\u00edn, este \u00faltimo ostentando la representaci\u00f3n de la Real Federaci\u00f3n Espa\u00f1ola de Automovilismo RFEDA, que tuvo palabras de elogio para la organizaci\u00f3n de Evesport y de las posibilidades importantes del rallye como prueba Internacional FIA y aspirante a entrar en la Copa de Espa\u00f1a CERT 2024.<\/p>\n\n\n\n<p><br>Antes de finalizar, los pilotos favoritos subieron al escenario y dieron sus impresiones sobre la prueba y Lanzarote, adem\u00e1s de mostrarse muy entusiasmados por participar en un rallye con un atractivo especial, como son sus tramos y sus paisajes volc\u00e1nicos. Una singularidad que ayuda a seguir creciendo a nivel internacional y por eso se justifica la presencia de los mundialistas Mads Ostberg-Patrik Barth y Diego Dom\u00ednguez-Rogelio Pe\u00f1ate, que tendr\u00e1n la m\u00e1xima oposici\u00f3n en los canarios Yeray Lemes-Aitor Cambeiro y Juan Carlos Quintana-Yeray Mujica.<\/p>\n\n\n\n<figure class=\"wp-block-image size-large\"><img loading=\"lazy\" decoding=\"async\" width=\"1024\" height=\"721\" src=\"https:\/\/rallyeisladelosvolcanes.es\/wp-content\/uploads\/2023\/08\/XXV-Rallye-de-Tierra-Isla-de-Los-Volcanes-Trofeo-Ciudad-de-Arrecife-35-1024x721.jpg\" alt=\"\" class=\"wp-image-1512\" srcset=\"https:\/\/rallyeisladelosvolcanes.es\/wp-content\/uploads\/2023\/08\/XXV-Rallye-de-Tierra-Isla-de-Los-Volcanes-Trofeo-Ciudad-de-Arrecife-35-1024x721.jpg 1024w, https:\/\/rallyeisladelosvolcanes.es\/wp-content\/uploads\/2023\/08\/XXV-Rallye-de-Tierra-Isla-de-Los-Volcanes-Trofeo-Ciudad-de-Arrecife-35-300x211.jpg 300w, https:\/\/rallyeisladelosvolcanes.es\/wp-content\/uploads\/2023\/08\/XXV-Rallye-de-Tierra-Isla-de-Los-Volcanes-Trofeo-Ciudad-de-Arrecife-35-768x541.jpg 768w, https:\/\/rallyeisladelosvolcanes.es\/wp-content\/uploads\/2023\/08\/XXV-Rallye-de-Tierra-Isla-de-Los-Volcanes-Trofeo-Ciudad-de-Arrecife-35-1536x1082.jpg 1536w, https:\/\/rallyeisladelosvolcanes.es\/wp-content\/uploads\/2023\/08\/XXV-Rallye-de-Tierra-Isla-de-Los-Volcanes-Trofeo-Ciudad-de-Arrecife-35.jpg 2000w\" sizes=\"auto, (max-width: 1024px) 100vw, 1024px\" \/><figcaption>Jos\u00e9 V\u00edctor Rodr\u00edguez<\/figcaption><\/figure>\n\n\n\n<p>El turno de palabras lo inici\u00f3 el presidente del Comit\u00e9 Organizador del CD. Evesport, Jos\u00e9 V\u00edctor Rodr\u00edguez, que repas\u00f3 todo el desarrollo del rallye y los esfuerzos que se est\u00e1n realizando para potenciar la internacionalidad, adem\u00e1s de agradecer todas las colaboraciones, patrocinios y la implicaci\u00f3n de las instituciones, principalmente&nbsp;al Cabildo de Lanzarote, la ciudad de Arrecife y al resto de ayuntamientos de la isla por donde pasar\u00e1 el rallye, sin olvidarse del Gobierno de Canarias a trav\u00e9s de sus organismos de Deportes y Turismo.<br><strong><em>Reportaje fotogr\u00e1fico: Sergio Betancort Bonilla<\/em><\/strong><\/p>\n","protected":false},"excerpt":{"rendered":"<p>Presentaci\u00f3n oficial de la prueba El Islote de la Fermina acogi\u00f3 un a\u00f1o m\u00e1s la presentaci\u00f3n del Rallye Isla de<\/p>\n","protected":false},"author":2,"featured_media":1505,"comment_status":"open","ping_status":"open","sticky":false,"template":"","format":"standard","meta":{"colormag_page_layout":"default_layout","footnotes":""},"categories":[10,15],"tags":[],"class_list":["post-1503","post","type-post","status-publish","format-standard","has-post-thumbnail","hentry","category-general","category-sports"],"_links":{"self":[{"href":"https:\/\/rallyeisladelosvolcanes.es\/index.php?rest_route=\/wp\/v2\/posts\/1503","targetHints":{"allow":["GET"]}}],"collection":[{"href":"https:\/\/rallyeisladelosvolcanes.es\/index.php?rest_route=\/wp\/v2\/posts"}],"about":[{"href":"https:\/\/rallyeisladelosvolcanes.es\/index.php?rest_route=\/wp\/v2\/types\/post"}],"author":[{"embeddable":true,"href":"https:\/\/rallyeisladelosvolcanes.es\/index.php?rest_route=\/wp\/v2\/users\/2"}],"replies":[{"embeddable":true,"href":"https:\/\/rallyeisladelosvolcanes.es\/index.php?rest_route=%2Fwp%2Fv2%2Fcomments&post=1503"}],"version-history":[{"count":2,"href":"https:\/\/rallyeisladelosvolcanes.es\/index.php?rest_route=\/wp\/v2\/posts\/1503\/revisions"}],"predecessor-version":[{"id":1513,"href":"https:\/\/rallyeisladelosvolcanes.es\/index.php?rest_route=\/wp\/v2\/posts\/1503\/revisions\/1513"}],"wp:featuredmedia":[{"embeddable":true,"href":"https:\/\/rallyeisladelosvolcanes.es\/index.php?rest_route=\/wp\/v2\/media\/1505"}],"wp:attachment":[{"href":"https:\/\/rallyeisladelosvolcanes.es\/index.php?rest_route=%2Fwp%2Fv2%2Fmedia&parent=1503"}],"wp:term":[{"taxonomy":"category","embeddable":true,"href":"https:\/\/rallyeisladelosvolcanes.es\/index.php?rest_route=%2Fwp%2Fv2%2Fcategories&post=1503"},{"taxonomy":"post_tag","embeddable":true,"href":"https:\/\/rallyeisladelosvolcanes.es\/index.php?rest_route=%2Fwp%2Fv2%2Ftags&post=1503"}],"curies":[{"name":"wp","href":"https:\/\/api.w.org\/{rel}","templated":true}]}}