{"id":1531,"date":"2023-09-03T08:15:26","date_gmt":"2023-09-03T08:15:26","guid":{"rendered":"https:\/\/rallyeisladelosvolcanes.es\/?p=1531"},"modified":"2023-09-03T08:20:23","modified_gmt":"2023-09-03T08:20:23","slug":"mads-ostberg-volo-muy-alto-por-los-tramos-de-lanzarote","status":"publish","type":"post","link":"https:\/\/rallyeisladelosvolcanes.es\/?p=1531","title":{"rendered":"Mads Ostberg vol\u00f3 muy alto por los tramos de Lanzarote"},"content":{"rendered":"\n<p><strong><em>&#8211; Con el Citroen C3 Rally 2 y su copiloto Patrik Barth, se impusieron de principio a fin en la jornada del s\u00e1bado en la prueba lanzarote\u00f1a.<\/em><\/strong><\/p>\n\n\n\n<p><strong><em>&#8211; Yeray Lemes-Aitor Cambeiro (Hyundai i20 Rally2) y los tambi\u00e9n mundialistas Diego Dom\u00ednguez-Rogelio Pe\u00f1ate (Citroen C3 Rally2), le acompa\u00f1an en un podio final de lujo.<\/em><\/strong><\/p>\n\n\n\n<p>&#8211;<strong><em> Borja y Rub\u00e9n P\u00e9rez afianzan su liderato en Canarias con la cuarta plaza obtenida sobre su Mitsubishi Lancer Evo.<\/em><\/strong><\/p>\n\n\n\n<figure class=\"wp-block-image size-large\"><img loading=\"lazy\" decoding=\"async\" width=\"1024\" height=\"595\" src=\"https:\/\/rallyeisladelosvolcanes.es\/wp-content\/uploads\/2023\/09\/RALLYE-ISLA-DE-LOS-VOLCANES-Trofeo-Ciudad-de-Arrecife-1-1024x595.jpg\" alt=\"\" class=\"wp-image-1534\" srcset=\"https:\/\/rallyeisladelosvolcanes.es\/wp-content\/uploads\/2023\/09\/RALLYE-ISLA-DE-LOS-VOLCANES-Trofeo-Ciudad-de-Arrecife-1-1024x595.jpg 1024w, https:\/\/rallyeisladelosvolcanes.es\/wp-content\/uploads\/2023\/09\/RALLYE-ISLA-DE-LOS-VOLCANES-Trofeo-Ciudad-de-Arrecife-1-300x174.jpg 300w, https:\/\/rallyeisladelosvolcanes.es\/wp-content\/uploads\/2023\/09\/RALLYE-ISLA-DE-LOS-VOLCANES-Trofeo-Ciudad-de-Arrecife-1-768x447.jpg 768w, https:\/\/rallyeisladelosvolcanes.es\/wp-content\/uploads\/2023\/09\/RALLYE-ISLA-DE-LOS-VOLCANES-Trofeo-Ciudad-de-Arrecife-1-1536x893.jpg 1536w, https:\/\/rallyeisladelosvolcanes.es\/wp-content\/uploads\/2023\/09\/RALLYE-ISLA-DE-LOS-VOLCANES-Trofeo-Ciudad-de-Arrecife-1.jpg 1837w\" sizes=\"auto, (max-width: 1024px) 100vw, 1024px\" \/><\/figure>\n\n\n\n<p>Si la primera jornada del RTIV23 fue espectacular, este s\u00e1bado todav\u00eda fue mejor a lo largo de los 11 tramos cronometrados restantes, donde el dominio de Mads Ostberg-Patrick Barth fue total, logrando todos los scratchs menos en la superespecial, donde Diego Dom\u00ednguez-Rogelio Pe\u00f1ate&nbsp;ense\u00f1aron su fuerza con el otro Citroen C3 Rally2, acabando finalmente hoy en el tercer lugar del podio. En medio de ellos se met\u00eda el primer equipo canario y lanzarote\u00f1o, Yeray Lemes-Aitor Cambeiro, que fueron los \u00fanicos en seguir de cerca con el Hyundai i20 Rally2 a los l\u00edderes, hasta que ya vieron que eran intocables y bajaron el ritmo para asegurar una excelente segunda plaza.<br>El RTIV23 son de los que hacen afici\u00f3n y much\u00edsimo fue el p\u00fablico que sigui\u00f3 la prueba en cada uno de los cinco tramos diferentes elegidos para esta edici\u00f3n por la organizaci\u00f3n del CD. Evesport, que fueron adem\u00e1s alabados por los equipos visitantes porque eran selectivos y divertidos para pilotar.<\/p>\n\n\n\n<p><br>El alto nivel de pilotaje de Ostberg qued\u00f3 patente en cada uno de los tramos, por sus cronos, sus trazadas y el ritmo que imprim\u00eda, a pesar de su escaso conocimiento del terreno, declarando que todo le gust\u00f3 mucho y que ser\u00eda un magn\u00edfico rallye para preparar cualquier prueba del WRC. Igualmente Diego Dom\u00ednguez, que gracias al copilotaje del grancanario Pe\u00f1ate, ya ten\u00eda la informaci\u00f3n adelantada pero qued\u00f3 igualmente impresionado por la experiencia, que adem\u00e1s le ha servido como un gran entrenamiento para su compromiso de la pr\u00f3xima semana en la cita mundialista de Grecia, donde ahora mismo lucha por el t\u00edtulo de WRC.<\/p>\n\n\n\n<figure class=\"wp-block-image size-large\"><img loading=\"lazy\" decoding=\"async\" width=\"1024\" height=\"596\" src=\"https:\/\/rallyeisladelosvolcanes.es\/wp-content\/uploads\/2023\/09\/RALLYE-ISLA-DE-LOS-VOLCANES-Trofeo-Ciudad-de-Arrecife-4-1024x596.jpg\" alt=\"\" class=\"wp-image-1536\" srcset=\"https:\/\/rallyeisladelosvolcanes.es\/wp-content\/uploads\/2023\/09\/RALLYE-ISLA-DE-LOS-VOLCANES-Trofeo-Ciudad-de-Arrecife-4-1024x596.jpg 1024w, https:\/\/rallyeisladelosvolcanes.es\/wp-content\/uploads\/2023\/09\/RALLYE-ISLA-DE-LOS-VOLCANES-Trofeo-Ciudad-de-Arrecife-4-300x175.jpg 300w, https:\/\/rallyeisladelosvolcanes.es\/wp-content\/uploads\/2023\/09\/RALLYE-ISLA-DE-LOS-VOLCANES-Trofeo-Ciudad-de-Arrecife-4-768x447.jpg 768w, https:\/\/rallyeisladelosvolcanes.es\/wp-content\/uploads\/2023\/09\/RALLYE-ISLA-DE-LOS-VOLCANES-Trofeo-Ciudad-de-Arrecife-4-1536x895.jpg 1536w, https:\/\/rallyeisladelosvolcanes.es\/wp-content\/uploads\/2023\/09\/RALLYE-ISLA-DE-LOS-VOLCANES-Trofeo-Ciudad-de-Arrecife-4.jpg 1837w\" sizes=\"auto, (max-width: 1024px) 100vw, 1024px\" \/><\/figure>\n\n\n\n<p>Borja P\u00e9rez y Rub\u00e9n P\u00e9rez concluyeron en una cuarta posici\u00f3n y ganadores del trofeo de la categor\u00eda 1, que les afianza al frente del Campeonato de Canarias de Rallyes sobre Tierra. Los de Fuerteventura apostaron por un planteamiento cauto que les di\u00f3 sus frutos a los mandos del Mitsubishi Lancer Evo IX. Con otro veh\u00edculo de la firma japonesa les siguieron Javier Sosa y Javier Fragiel. Un amortiguador da\u00f1ado en la primera pasada por \u2018Mala-Tabayesco\u2019 le ocasion\u00f3 una p\u00e9rdida de tiempo importante con su predecesor.<\/p>\n\n\n\n<p>Alejandro Rodr\u00edguez y Miguel \u00c1ngel Rodr\u00edguez confirmaron su condici\u00f3n de equipo revelaci\u00f3n con una sexta plaza. Los de Lanzagrava, en su estreno con un Ford Fiesta Rally3 y tambi\u00e9n en la modalidad de rallys de tierra, lograron reponerse a un costoso pinchazo en la especial que abri\u00f3 la segunda jornada, la de \u2018Yaiza\u2019 y de paso venc\u00edan en la categor\u00eda 2.<\/p>\n\n\n\n<p>Los grancanarios Francisco \u00c1lamo y Juan Francisco Arencibia situaron su Mitsubishi Lancer Evo VIII en el s\u00e9ptimo lugar, uno por delante del Can-Am Maverick Turbo RR de los dakarianos Pedro Pe\u00f1ate y Luis Hern\u00e1ndez, que adem\u00e1s se llevaron el Trofeo Ciudad de Arrecife.<\/p>\n\n\n\n<figure class=\"wp-block-image size-large\"><img loading=\"lazy\" decoding=\"async\" width=\"1024\" height=\"593\" src=\"https:\/\/rallyeisladelosvolcanes.es\/wp-content\/uploads\/2023\/09\/RALLYE-ISLA-DE-LOS-VOLCANES-Trofeo-Ciudad-de-Arrecife-8-1024x593.jpg\" alt=\"\" class=\"wp-image-1537\" srcset=\"https:\/\/rallyeisladelosvolcanes.es\/wp-content\/uploads\/2023\/09\/RALLYE-ISLA-DE-LOS-VOLCANES-Trofeo-Ciudad-de-Arrecife-8-1024x593.jpg 1024w, https:\/\/rallyeisladelosvolcanes.es\/wp-content\/uploads\/2023\/09\/RALLYE-ISLA-DE-LOS-VOLCANES-Trofeo-Ciudad-de-Arrecife-8-300x174.jpg 300w, https:\/\/rallyeisladelosvolcanes.es\/wp-content\/uploads\/2023\/09\/RALLYE-ISLA-DE-LOS-VOLCANES-Trofeo-Ciudad-de-Arrecife-8-768x444.jpg 768w, https:\/\/rallyeisladelosvolcanes.es\/wp-content\/uploads\/2023\/09\/RALLYE-ISLA-DE-LOS-VOLCANES-Trofeo-Ciudad-de-Arrecife-8-1536x889.jpg 1536w, https:\/\/rallyeisladelosvolcanes.es\/wp-content\/uploads\/2023\/09\/RALLYE-ISLA-DE-LOS-VOLCANES-Trofeo-Ciudad-de-Arrecife-8.jpg 1837w\" sizes=\"auto, (max-width: 1024px) 100vw, 1024px\" \/><\/figure>\n\n\n\n<p>La victoria en el apartado 2 Ruedas Motrices fue para el Seat Ibiza Cupra de Antonio M. Calder\u00edn y Juan M. Santana, ganadores del Trofeo J\u00fanior de la FCA. Rayco Rodr\u00edguez y Christopher Rijo hab\u00edan terminado el tramo final por delante, pero no consiguieron ingresar en el parque cerrado y fueron descalificados al perder el buje y la rueda trasera izquierda.<\/p>\n\n\n\n<p>En el cap\u00edtulo de abandonos, adem\u00e1s del de Quintana y Mujica en la segunda pasada por \u2018Puerto del Carmen\u2019, rese\u00f1ar los de Esteban Feo-Jes\u00fas Alonso (Mitsubishi Lancer Evo VIII) por salida de carretera en el TC-8, Iv\u00e1n Marrero-Claudia Lemes (Mitsubishi Lancer Evo X) por una fuga de aceite en el TC-11 y el de Cristian Calder\u00edn-Ver\u00f3nica Tejera (Volkswagen Golf GTI) en el enlace hacia el TC-1, por culpa de un palier suelto.<\/p>\n\n\n\n<p>La categor\u00eda 3 la ganaba Luzmi Santana con Ari Bonilla de copiloto en el Skoda Fabia N3, mientra el Trofeo Silver ser\u00eda para el veterano Juan Jos\u00e9 de la Cruz, copilotado&nbsp;por su hija Nereida en el Mazda 323 GTR.<\/p>\n\n\n\n<figure class=\"wp-block-image size-large\"><img loading=\"lazy\" decoding=\"async\" width=\"1024\" height=\"682\" src=\"https:\/\/rallyeisladelosvolcanes.es\/wp-content\/uploads\/2023\/09\/1693688400365-1024x682.jpg\" alt=\"\" class=\"wp-image-1538\" srcset=\"https:\/\/rallyeisladelosvolcanes.es\/wp-content\/uploads\/2023\/09\/1693688400365-1024x682.jpg 1024w, https:\/\/rallyeisladelosvolcanes.es\/wp-content\/uploads\/2023\/09\/1693688400365-300x200.jpg 300w, https:\/\/rallyeisladelosvolcanes.es\/wp-content\/uploads\/2023\/09\/1693688400365-768x512.jpg 768w, https:\/\/rallyeisladelosvolcanes.es\/wp-content\/uploads\/2023\/09\/1693688400365-1536x1023.jpg 1536w, https:\/\/rallyeisladelosvolcanes.es\/wp-content\/uploads\/2023\/09\/1693688400365.jpg 1600w\" sizes=\"auto, (max-width: 1024px) 100vw, 1024px\" \/><\/figure>\n\n\n\n<p>El rallye acab\u00f3 en el Parque Islas Canarias con la ceremonia de entrega de trofeos, que cont\u00f3 con la presencia del presidente del Cabildo de Lanzarote Oswaldo Betancort, acompa\u00f1ado por sus consejero Juan Monz\u00f3n (deportes) y Francisco Aparicio (Seguridad), adem\u00e1s del concejal de Arrecife, Roberto Herb\u00f3n, que fueron los encargados de recibir a todos los equipos clasificados, junto a Javier Mart\u00edn (Grupo Cabrera Medina) y los presidentes de las federaciones Jos\u00e9 Angel Batista (FCA) y Miguel Angel Dom\u00ednguez (FALP). Anteriormente y al final del \u00faltimo tramo en Tinajo, tambi\u00e9n hubo descorche de champ\u00e1n para celebrar la victoria de Ostberg-Barth y medallas de \u00abfinisher\u00bb para todos los clasificados pilotos y copilotos, donde la organizaci\u00f3n estuvo acompa\u00f1ada por el alcalde de Tinajo, Jes\u00fas Mach\u00edn y los presidentes federativos.<\/p>\n\n\n\n<p><strong><em>Reportaje fotogr\u00e1fico: Sergio Betancort Bonilla<\/em><\/strong><\/p>\n","protected":false},"excerpt":{"rendered":"<p>&#8211; Con el Citroen C3 Rally 2 y su copiloto Patrik Barth, se impusieron de principio a fin en la<\/p>\n","protected":false},"author":2,"featured_media":1532,"comment_status":"open","ping_status":"open","sticky":false,"template":"","format":"standard","meta":{"colormag_page_layout":"default_layout","footnotes":""},"categories":[10,15],"tags":[],"class_list":["post-1531","post","type-post","status-publish","format-standard","has-post-thumbnail","hentry","category-general","category-sports"],"_links":{"self":[{"href":"https:\/\/rallyeisladelosvolcanes.es\/index.php?rest_route=\/wp\/v2\/posts\/1531","targetHints":{"allow":["GET"]}}],"collection":[{"href":"https:\/\/rallyeisladelosvolcanes.es\/index.php?rest_route=\/wp\/v2\/posts"}],"about":[{"href":"https:\/\/rallyeisladelosvolcanes.es\/index.php?rest_route=\/wp\/v2\/types\/post"}],"author":[{"embeddable":true,"href":"https:\/\/rallyeisladelosvolcanes.es\/index.php?rest_route=\/wp\/v2\/users\/2"}],"replies":[{"embeddable":true,"href":"https:\/\/rallyeisladelosvolcanes.es\/index.php?rest_route=%2Fwp%2Fv2%2Fcomments&post=1531"}],"version-history":[{"count":3,"href":"https:\/\/rallyeisladelosvolcanes.es\/index.php?rest_route=\/wp\/v2\/posts\/1531\/revisions"}],"predecessor-version":[{"id":1546,"href":"https:\/\/rallyeisladelosvolcanes.es\/index.php?rest_route=\/wp\/v2\/posts\/1531\/revisions\/1546"}],"wp:featuredmedia":[{"embeddable":true,"href":"https:\/\/rallyeisladelosvolcanes.es\/index.php?rest_route=\/wp\/v2\/media\/1532"}],"wp:attachment":[{"href":"https:\/\/rallyeisladelosvolcanes.es\/index.php?rest_route=%2Fwp%2Fv2%2Fmedia&parent=1531"}],"wp:term":[{"taxonomy":"category","embeddable":true,"href":"https:\/\/rallyeisladelosvolcanes.es\/index.php?rest_route=%2Fwp%2Fv2%2Fcategories&post=1531"},{"taxonomy":"post_tag","embeddable":true,"href":"https:\/\/rallyeisladelosvolcanes.es\/index.php?rest_route=%2Fwp%2Fv2%2Ftags&post=1531"}],"curies":[{"name":"wp","href":"https:\/\/api.w.org\/{rel}","templated":true}]}}