{"id":1548,"date":"2023-09-08T12:57:01","date_gmt":"2023-09-08T12:57:01","guid":{"rendered":"https:\/\/rallyeisladelosvolcanes.es\/?p=1548"},"modified":"2023-09-08T13:05:17","modified_gmt":"2023-09-08T13:05:17","slug":"importante-salto-internacional-del-isla-de-los-volcanes","status":"publish","type":"post","link":"https:\/\/rallyeisladelosvolcanes.es\/?p=1548","title":{"rendered":"Importante salto internacional del \u00abIsla de los Volcanes\u00bb"},"content":{"rendered":"\n<p><strong><em>&#8211; El RTIV23 es alabado por los participantes y el podio final con Ostberg-Barth en lo m\u00e1s alto, acompa\u00f1ado por Lemes-Cambeiro y Dom\u00ednguez-Pe\u00f1ate refuerzan la proyecci\u00f3n del \u00abIsla de los Volcanes, que espera volver a la Copa de Espa\u00f1a-CERT 2024<\/em><\/strong>.<\/p>\n\n\n\n<figure class=\"wp-block-image size-large\"><img loading=\"lazy\" decoding=\"async\" width=\"1024\" height=\"682\" src=\"https:\/\/rallyeisladelosvolcanes.es\/wp-content\/uploads\/2023\/09\/XXV-Rallye-de-Tierra-Isla-de-Los-Volcanes-15--1024x682.jpg\" alt=\"\" class=\"wp-image-1549\" srcset=\"https:\/\/rallyeisladelosvolcanes.es\/wp-content\/uploads\/2023\/09\/XXV-Rallye-de-Tierra-Isla-de-Los-Volcanes-15--1024x682.jpg 1024w, https:\/\/rallyeisladelosvolcanes.es\/wp-content\/uploads\/2023\/09\/XXV-Rallye-de-Tierra-Isla-de-Los-Volcanes-15--300x200.jpg 300w, https:\/\/rallyeisladelosvolcanes.es\/wp-content\/uploads\/2023\/09\/XXV-Rallye-de-Tierra-Isla-de-Los-Volcanes-15--768x512.jpg 768w, https:\/\/rallyeisladelosvolcanes.es\/wp-content\/uploads\/2023\/09\/XXV-Rallye-de-Tierra-Isla-de-Los-Volcanes-15--1536x1024.jpg 1536w, https:\/\/rallyeisladelosvolcanes.es\/wp-content\/uploads\/2023\/09\/XXV-Rallye-de-Tierra-Isla-de-Los-Volcanes-15-.jpg 2000w\" sizes=\"auto, (max-width: 1024px) 100vw, 1024px\" \/><figcaption>Mads y Patrik dominaron el RTIV23  y suman su primera victoria en Lanzarote, donde quieren repetir por la trascendencia internacional de su participaci\u00f3n.<\/figcaption><\/figure>\n\n\n\n<p>El Rallye Isla de los Volcanes-Trofeo Ciudad de Arrecife concluy\u00f3 en la noche del pasado s\u00e1bado dejando una estela de espectaculares recuerdos entre los participantes, p\u00fablico, instituciones y en la propia organizaci\u00f3n del CD. Evesport.<br>Despu\u00e9s de los avatares sufridos por la prueba en el pasado, en esta 25\u00ba edici\u00f3n de las \u00abBodas de Plata\u00bb, la situaci\u00f3n ha sido totalmente&nbsp;positiva y el ambiente alrededor del RTIV23 se ha centrado solamente en lo deportivo. Con el resultado de un gran rallye, que adem\u00e1s ha dado un gran salto internacional con la victoria del noruego Mads Ostberg y su copiloto sueco Patrik Barth (Citroen C3 Rally2), acompa\u00f1ada del tercer puesto en el podio final por el paraguayo Diego Dom\u00ednguez y su copiloto grancanario Rogelio Pe\u00f1ate, con la segunda unidad de Citroen C3 Rally2.<\/p>\n\n\n\n<figure class=\"wp-block-image size-large\"><img loading=\"lazy\" decoding=\"async\" width=\"1024\" height=\"682\" src=\"https:\/\/rallyeisladelosvolcanes.es\/wp-content\/uploads\/2023\/09\/XXV-Rallye-de-Tierra-Isla-de-Los-Volcanes-10--1024x682.jpg\" alt=\"\" class=\"wp-image-1552\" srcset=\"https:\/\/rallyeisladelosvolcanes.es\/wp-content\/uploads\/2023\/09\/XXV-Rallye-de-Tierra-Isla-de-Los-Volcanes-10--1024x682.jpg 1024w, https:\/\/rallyeisladelosvolcanes.es\/wp-content\/uploads\/2023\/09\/XXV-Rallye-de-Tierra-Isla-de-Los-Volcanes-10--300x200.jpg 300w, https:\/\/rallyeisladelosvolcanes.es\/wp-content\/uploads\/2023\/09\/XXV-Rallye-de-Tierra-Isla-de-Los-Volcanes-10--768x512.jpg 768w, https:\/\/rallyeisladelosvolcanes.es\/wp-content\/uploads\/2023\/09\/XXV-Rallye-de-Tierra-Isla-de-Los-Volcanes-10--1536x1024.jpg 1536w, https:\/\/rallyeisladelosvolcanes.es\/wp-content\/uploads\/2023\/09\/XXV-Rallye-de-Tierra-Isla-de-Los-Volcanes-10-.jpg 2000w\" sizes=\"auto, (max-width: 1024px) 100vw, 1024px\" \/><figcaption>Los mundialistas Diego Dom\u00ednguez-Rogelio Pe\u00f1ate fueron la gran revelaci\u00f3n en la prueba lanzarote\u00f1a<\/figcaption><\/figure>\n\n\n\n<p>A estos dos equipos de nivel mundialista, se sumaban los colores de Canarias gracias al segundo puesto final de los lanzarote\u00f1os Yeray Lemes-Aitor Cambeiro (Hyundai&nbsp;i20 Rally2), que estuvieron a la altura de sus compa\u00f1eros de podio y luchando al m\u00e1ximo por un triunfo que se gan\u00f3 merecidamente el equipo n\u00f3rdico, actualmente siguiendo el FIA-ERC o Campeonato de Europa de Rallys. Ver en lo alto del podio a Mads Ostberg est\u00e1 teniendo una importante repercusi\u00f3n en la promoci\u00f3n internacional del \u00abVolcanes\u00bb.<\/p>\n\n\n\n<figure class=\"wp-block-image size-large\"><img loading=\"lazy\" decoding=\"async\" width=\"1024\" height=\"682\" src=\"https:\/\/rallyeisladelosvolcanes.es\/wp-content\/uploads\/2023\/09\/XXV-Rallye-de-Tierra-Isla-de-Los-Volcanes-39--1024x682.jpg\" alt=\"\" class=\"wp-image-1550\" srcset=\"https:\/\/rallyeisladelosvolcanes.es\/wp-content\/uploads\/2023\/09\/XXV-Rallye-de-Tierra-Isla-de-Los-Volcanes-39--1024x682.jpg 1024w, https:\/\/rallyeisladelosvolcanes.es\/wp-content\/uploads\/2023\/09\/XXV-Rallye-de-Tierra-Isla-de-Los-Volcanes-39--300x200.jpg 300w, https:\/\/rallyeisladelosvolcanes.es\/wp-content\/uploads\/2023\/09\/XXV-Rallye-de-Tierra-Isla-de-Los-Volcanes-39--768x512.jpg 768w, https:\/\/rallyeisladelosvolcanes.es\/wp-content\/uploads\/2023\/09\/XXV-Rallye-de-Tierra-Isla-de-Los-Volcanes-39--1536x1024.jpg 1536w, https:\/\/rallyeisladelosvolcanes.es\/wp-content\/uploads\/2023\/09\/XXV-Rallye-de-Tierra-Isla-de-Los-Volcanes-39-.jpg 2000w\" sizes=\"auto, (max-width: 1024px) 100vw, 1024px\" \/><figcaption>El dakariano Pedro Pe\u00f1ate recibe el Trofeo Arrecife de manos del concejal Roberto Herb\u00f3n.<\/figcaption><\/figure>\n\n\n\n<p>Diego Dom\u00ednguez fue una grata sorpresa con su ritmo de pilotaje tan alto, el \u00fanico que logr\u00f3 ganarle a Ostberg en un tramo (superespecial de Arrecife), dejando claro que es un claro merecedor al t\u00edtulo del WRC3 por el que pugnar\u00e1 el pr\u00f3ximo fin de semana en Grecia, siguiente cita del Campeonato del Mundo de Rallys.<\/p>\n\n\n\n<p>Evesport quiere agradecer el gran esfuerzo realizado por las instituciones lanzarote\u00f1as para facilitar el trabajo de la organizaci\u00f3n, lo que se ha reflejado en un desarrollo del rallye casi impecable. A pesar de que su estructura ha gustado mucho, dividida en dos jornadas de viernes y s\u00e1bado con el Tramo de Calificaci\u00f3n y Shakedown, Superespecial Ciudad de Arrecife. Continuando con un rut\u00f3metro con cinco tramos cronometrados con trazados muy variados, buen piso en general, deslizantes y, sobre todo, espectaculares por sus vistas, paisajes y numerosos saltos.<\/p>\n\n\n\n<figure class=\"wp-block-image size-large\"><img loading=\"lazy\" decoding=\"async\" width=\"1024\" height=\"728\" src=\"https:\/\/rallyeisladelosvolcanes.es\/wp-content\/uploads\/2023\/09\/XXV-Rallye-de-Tierra-Isla-de-Los-Volcanes-4--1024x728.jpg\" alt=\"\" class=\"wp-image-1551\" srcset=\"https:\/\/rallyeisladelosvolcanes.es\/wp-content\/uploads\/2023\/09\/XXV-Rallye-de-Tierra-Isla-de-Los-Volcanes-4--1024x728.jpg 1024w, https:\/\/rallyeisladelosvolcanes.es\/wp-content\/uploads\/2023\/09\/XXV-Rallye-de-Tierra-Isla-de-Los-Volcanes-4--300x213.jpg 300w, https:\/\/rallyeisladelosvolcanes.es\/wp-content\/uploads\/2023\/09\/XXV-Rallye-de-Tierra-Isla-de-Los-Volcanes-4--768x546.jpg 768w, https:\/\/rallyeisladelosvolcanes.es\/wp-content\/uploads\/2023\/09\/XXV-Rallye-de-Tierra-Isla-de-Los-Volcanes-4--1536x1092.jpg 1536w, https:\/\/rallyeisladelosvolcanes.es\/wp-content\/uploads\/2023\/09\/XXV-Rallye-de-Tierra-Isla-de-Los-Volcanes-4-.jpg 2000w\" sizes=\"auto, (max-width: 1024px) 100vw, 1024px\" \/><figcaption>El Cabildo de Lanzarote ha sido fundamental para la continuidad de la prueba RTIV23. Juan Monz\u00f3n consejero de Deporte y Oswaldo Betancort, presidente, recibieron el reconocimiento de la organizaci\u00f3n de Evesport.<\/figcaption><\/figure>\n\n\n\n<p>Y finalizando con la festiva ceremonia para la entrega de trofeos en el podium del Parque Islas Canarias de Arrecife, plasm\u00f3 perfectamente en su ambiente el punto y seguido de un buen RTIV23, que ahora espera recibir el benepl\u00e1cito para regresar en 2024 a la Copa de Espa\u00f1a y seguir su l\u00ednea ascendente en el plano internacional como Rallye FIA.<br>En resumen, una\u00a0<em>resaca<\/em>\u00a0del XXV Rallye Isla de los Volcanes-Trofeo Ciudad de Arrecife que, esta\u00a0vez s\u00ed, ha dejado a todos un buen y dulce\u00a0<em>sabor de boca.\u00a0<\/em><\/p>\n\n\n\n<p><\/p>\n\n\n\n<p><strong><em><u>Reportaje fotogr\u00e1fico: SERGIO BETANCORT BONILLA<\/u><\/em><\/strong><\/p>\n","protected":false},"excerpt":{"rendered":"<p>&#8211; El RTIV23 es alabado por los participantes y el podio final con Ostberg-Barth en lo m\u00e1s alto, acompa\u00f1ado por<\/p>\n","protected":false},"author":2,"featured_media":1553,"comment_status":"open","ping_status":"open","sticky":false,"template":"","format":"standard","meta":{"colormag_page_layout":"default_layout","footnotes":""},"categories":[10,15],"tags":[],"class_list":["post-1548","post","type-post","status-publish","format-standard","has-post-thumbnail","hentry","category-general","category-sports"],"_links":{"self":[{"href":"https:\/\/rallyeisladelosvolcanes.es\/index.php?rest_route=\/wp\/v2\/posts\/1548","targetHints":{"allow":["GET"]}}],"collection":[{"href":"https:\/\/rallyeisladelosvolcanes.es\/index.php?rest_route=\/wp\/v2\/posts"}],"about":[{"href":"https:\/\/rallyeisladelosvolcanes.es\/index.php?rest_route=\/wp\/v2\/types\/post"}],"author":[{"embeddable":true,"href":"https:\/\/rallyeisladelosvolcanes.es\/index.php?rest_route=\/wp\/v2\/users\/2"}],"replies":[{"embeddable":true,"href":"https:\/\/rallyeisladelosvolcanes.es\/index.php?rest_route=%2Fwp%2Fv2%2Fcomments&post=1548"}],"version-history":[{"count":2,"href":"https:\/\/rallyeisladelosvolcanes.es\/index.php?rest_route=\/wp\/v2\/posts\/1548\/revisions"}],"predecessor-version":[{"id":1556,"href":"https:\/\/rallyeisladelosvolcanes.es\/index.php?rest_route=\/wp\/v2\/posts\/1548\/revisions\/1556"}],"wp:featuredmedia":[{"embeddable":true,"href":"https:\/\/rallyeisladelosvolcanes.es\/index.php?rest_route=\/wp\/v2\/media\/1553"}],"wp:attachment":[{"href":"https:\/\/rallyeisladelosvolcanes.es\/index.php?rest_route=%2Fwp%2Fv2%2Fmedia&parent=1548"}],"wp:term":[{"taxonomy":"category","embeddable":true,"href":"https:\/\/rallyeisladelosvolcanes.es\/index.php?rest_route=%2Fwp%2Fv2%2Fcategories&post=1548"},{"taxonomy":"post_tag","embeddable":true,"href":"https:\/\/rallyeisladelosvolcanes.es\/index.php?rest_route=%2Fwp%2Fv2%2Ftags&post=1548"}],"curies":[{"name":"wp","href":"https:\/\/api.w.org\/{rel}","templated":true}]}}