{"id":1558,"date":"2023-09-18T20:29:47","date_gmt":"2023-09-18T20:29:47","guid":{"rendered":"https:\/\/rallyeisladelosvolcanes.es\/?p=1558"},"modified":"2023-09-18T20:29:49","modified_gmt":"2023-09-18T20:29:49","slug":"agradecimientos-por-el-rtiv23","status":"publish","type":"post","link":"https:\/\/rallyeisladelosvolcanes.es\/?p=1558","title":{"rendered":"Agradecimientos por el RTIV23"},"content":{"rendered":"\n<p>Un&nbsp;<strong>Rallye Isla de los Volcanes-Trofeo Ciudad de Arrecife<\/strong>&nbsp;necesita de muchos esfuerzos colectivos e individuales para que sea posible y con garant\u00eda de \u00e9xito, como esta \u00faltima edici\u00f3n disputada los d\u00edas 1 y 2 de septiembre de 2023.<\/p>\n\n\n\n<p>Por eso, desde el<strong>&nbsp;CD. EVESPORT,<\/strong>&nbsp;<strong>AGRADECEMOS MUCHO<\/strong>&nbsp;el trabajo y dedicaci\u00f3n a nuestra prueba en estos \u00faltimos d\u00edas, esperando que colaborar con nosotros haya sido tambi\u00e9n una grata experiencia personal.<\/p>\n\n\n\n<p>El #RTIV23 ha finalizado y todos han contribuido a mejorarlo y que en el futuro logre sus objetivos de promoci\u00f3n internacional y entrar en la Copa de Espa\u00f1a 2024.<\/p>\n\n\n\n<p>Participantes, oficiales, comisarios, cronometradores, t\u00e9cnicos, colaboradores; servicios de seguridad y emergencia, polic\u00edas locales, polic\u00eda nacional y guardia civil; bomberos y protecci\u00f3n civil; instituciones lanzarote\u00f1as (Cabildo, ayuntamientos y administraciones p\u00fablicas); federaciones, empresas colaboradoras y patrocinadores; prensa acreditada y medios de comunicaci\u00f3n. Y por supuesto, el p\u00fablico y la afici\u00f3n canaria\u2026 Todos han formado parte del gran equipo de Evesport y del Rallye Isla de los Volcanes-Trofeo Ciudad de Arrecife.<\/p>\n\n\n\n<p class=\"has-text-align-center\">\u00a1\u00a1\u00a1 GRACIAS !!!<\/p>\n","protected":false},"excerpt":{"rendered":"<p>Un&nbsp;Rallye Isla de los Volcanes-Trofeo Ciudad de Arrecife&nbsp;necesita de muchos esfuerzos colectivos e individuales para que sea posible y con<\/p>\n","protected":false},"author":2,"featured_media":1559,"comment_status":"open","ping_status":"open","sticky":false,"template":"","format":"standard","meta":{"colormag_page_layout":"default_layout","footnotes":""},"categories":[10,15],"tags":[],"class_list":["post-1558","post","type-post","status-publish","format-standard","has-post-thumbnail","hentry","category-general","category-sports"],"_links":{"self":[{"href":"https:\/\/rallyeisladelosvolcanes.es\/index.php?rest_route=\/wp\/v2\/posts\/1558","targetHints":{"allow":["GET"]}}],"collection":[{"href":"https:\/\/rallyeisladelosvolcanes.es\/index.php?rest_route=\/wp\/v2\/posts"}],"about":[{"href":"https:\/\/rallyeisladelosvolcanes.es\/index.php?rest_route=\/wp\/v2\/types\/post"}],"author":[{"embeddable":true,"href":"https:\/\/rallyeisladelosvolcanes.es\/index.php?rest_route=\/wp\/v2\/users\/2"}],"replies":[{"embeddable":true,"href":"https:\/\/rallyeisladelosvolcanes.es\/index.php?rest_route=%2Fwp%2Fv2%2Fcomments&post=1558"}],"version-history":[{"count":1,"href":"https:\/\/rallyeisladelosvolcanes.es\/index.php?rest_route=\/wp\/v2\/posts\/1558\/revisions"}],"predecessor-version":[{"id":1560,"href":"https:\/\/rallyeisladelosvolcanes.es\/index.php?rest_route=\/wp\/v2\/posts\/1558\/revisions\/1560"}],"wp:featuredmedia":[{"embeddable":true,"href":"https:\/\/rallyeisladelosvolcanes.es\/index.php?rest_route=\/wp\/v2\/media\/1559"}],"wp:attachment":[{"href":"https:\/\/rallyeisladelosvolcanes.es\/index.php?rest_route=%2Fwp%2Fv2%2Fmedia&parent=1558"}],"wp:term":[{"taxonomy":"category","embeddable":true,"href":"https:\/\/rallyeisladelosvolcanes.es\/index.php?rest_route=%2Fwp%2Fv2%2Fcategories&post=1558"},{"taxonomy":"post_tag","embeddable":true,"href":"https:\/\/rallyeisladelosvolcanes.es\/index.php?rest_route=%2Fwp%2Fv2%2Ftags&post=1558"}],"curies":[{"name":"wp","href":"https:\/\/api.w.org\/{rel}","templated":true}]}}