{"id":1757,"date":"2024-07-12T12:48:03","date_gmt":"2024-07-12T12:48:03","guid":{"rendered":"https:\/\/rallyeisladelosvolcanes.es\/?p=1757"},"modified":"2024-07-12T12:50:26","modified_gmt":"2024-07-12T12:50:26","slug":"mads-ostberg-se-une-de-nuevo-al-rtiv24-como-piloto-del-coche-cero","status":"publish","type":"post","link":"https:\/\/rallyeisladelosvolcanes.es\/?p=1757","title":{"rendered":"Mads Ostberg se une de nuevo al RTIV24 como piloto del \u00abCoche Cero\u00bb"},"content":{"rendered":"\n<p>El ganador del pasado a\u00f1o en nuestra prueba, el piloto noruego Mads Ostberg, se une tambi\u00e9n a esta edici\u00f3n participando como piloto del \u00abCoche Cero\u00bb de la Caravana de Seguridad de la organizaci\u00f3n del Rallye Isla de los Volcanes-Trofeo Ciudad de Arrecife.<\/p>\n\n\n\n<figure class=\"wp-block-image size-large\"><img loading=\"lazy\" decoding=\"async\" width=\"1024\" height=\"682\" src=\"http:\/\/rallyeisladelosvolcanes.es\/wp-content\/uploads\/2024\/07\/XXV-Rallye-de-Tierra-Isla-de-Los-Volcanes-22--1024x682.jpg\" alt=\"\" class=\"wp-image-1758\" srcset=\"https:\/\/rallyeisladelosvolcanes.es\/wp-content\/uploads\/2024\/07\/XXV-Rallye-de-Tierra-Isla-de-Los-Volcanes-22--1024x682.jpg 1024w, https:\/\/rallyeisladelosvolcanes.es\/wp-content\/uploads\/2024\/07\/XXV-Rallye-de-Tierra-Isla-de-Los-Volcanes-22--300x200.jpg 300w, https:\/\/rallyeisladelosvolcanes.es\/wp-content\/uploads\/2024\/07\/XXV-Rallye-de-Tierra-Isla-de-Los-Volcanes-22--768x512.jpg 768w, https:\/\/rallyeisladelosvolcanes.es\/wp-content\/uploads\/2024\/07\/XXV-Rallye-de-Tierra-Isla-de-Los-Volcanes-22--1536x1024.jpg 1536w, https:\/\/rallyeisladelosvolcanes.es\/wp-content\/uploads\/2024\/07\/XXV-Rallye-de-Tierra-Isla-de-Los-Volcanes-22-.jpg 2000w\" sizes=\"auto, (max-width: 1024px) 100vw, 1024px\" \/><figcaption>Mads Ostberg recogiendo su trofeo de ganador de manos de Oswaldo Betancort, presidente del Cabildo de Lanzarote.<\/figcaption><\/figure>\n\n\n\n<p><br>El buen sabor de boca que dej\u00f3 su intervenci\u00f3n en 2023, coron\u00e1ndose en los m\u00e1s alto del podio con una importante victoria, no pod\u00eda dejar de tener continuidad en esta edici\u00f3n. Debido a problemas log\u00edsticos no ha sido posible su segunda participaci\u00f3n, pero el piloto mundialista ha querido apoyar al CD. Evesport con su presencia en los principales actos del RTIV24 y ser\u00e1 un piloto de lujo para el \u00abCoche Cero\u00bb.<br>Otsberg&nbsp;est\u00e1 realizando esta temporada su segundo Campeonato de Europa FIA-ERC y lo ha combinado con otras actuaciones, incluso haciendo de comentarista de televisi\u00f3n en el WRC. Ahora le toca esta nueva faceta colaborando con la seguridad de la prueba lanzarote\u00f1a.<br>Recordamos que un a\u00f1o m\u00e1s la caravana de veh\u00edculos de seguridad que precede al inicio del tramo, m\u00e1s el \u00abcoche escoba\u00bb de apertura del mismo, estar\u00e1 compuesta por veh\u00edculos de las empresas Orvecame y CICAR, los dos principales patrocinadores privados del RTIV24 y que pertenecen al grupo lanzarote\u00f1o \u00abCabrera Medina\u00bb, que un a\u00f1o m\u00e1s colabora al m\u00e1ximo con el evento organizado por el CD. Evesport.<\/p>\n","protected":false},"excerpt":{"rendered":"<p>El ganador del pasado a\u00f1o en nuestra prueba, el piloto noruego Mads Ostberg, se une tambi\u00e9n a esta edici\u00f3n participando<\/p>\n","protected":false},"author":2,"featured_media":1759,"comment_status":"open","ping_status":"open","sticky":false,"template":"","format":"standard","meta":{"colormag_page_layout":"default_layout","footnotes":""},"categories":[10,15],"tags":[],"class_list":["post-1757","post","type-post","status-publish","format-standard","has-post-thumbnail","hentry","category-general","category-sports"],"_links":{"self":[{"href":"https:\/\/rallyeisladelosvolcanes.es\/index.php?rest_route=\/wp\/v2\/posts\/1757","targetHints":{"allow":["GET"]}}],"collection":[{"href":"https:\/\/rallyeisladelosvolcanes.es\/index.php?rest_route=\/wp\/v2\/posts"}],"about":[{"href":"https:\/\/rallyeisladelosvolcanes.es\/index.php?rest_route=\/wp\/v2\/types\/post"}],"author":[{"embeddable":true,"href":"https:\/\/rallyeisladelosvolcanes.es\/index.php?rest_route=\/wp\/v2\/users\/2"}],"replies":[{"embeddable":true,"href":"https:\/\/rallyeisladelosvolcanes.es\/index.php?rest_route=%2Fwp%2Fv2%2Fcomments&post=1757"}],"version-history":[{"count":2,"href":"https:\/\/rallyeisladelosvolcanes.es\/index.php?rest_route=\/wp\/v2\/posts\/1757\/revisions"}],"predecessor-version":[{"id":1761,"href":"https:\/\/rallyeisladelosvolcanes.es\/index.php?rest_route=\/wp\/v2\/posts\/1757\/revisions\/1761"}],"wp:featuredmedia":[{"embeddable":true,"href":"https:\/\/rallyeisladelosvolcanes.es\/index.php?rest_route=\/wp\/v2\/media\/1759"}],"wp:attachment":[{"href":"https:\/\/rallyeisladelosvolcanes.es\/index.php?rest_route=%2Fwp%2Fv2%2Fmedia&parent=1757"}],"wp:term":[{"taxonomy":"category","embeddable":true,"href":"https:\/\/rallyeisladelosvolcanes.es\/index.php?rest_route=%2Fwp%2Fv2%2Fcategories&post=1757"},{"taxonomy":"post_tag","embeddable":true,"href":"https:\/\/rallyeisladelosvolcanes.es\/index.php?rest_route=%2Fwp%2Fv2%2Ftags&post=1757"}],"curies":[{"name":"wp","href":"https:\/\/api.w.org\/{rel}","templated":true}]}}