{"id":1861,"date":"2025-06-24T18:30:29","date_gmt":"2025-06-24T18:30:29","guid":{"rendered":"https:\/\/rallyeisladelosvolcanes.es\/?p=1861"},"modified":"2025-06-24T18:35:21","modified_gmt":"2025-06-24T18:35:21","slug":"los-principales-datos-de-la-prueba-ya-estan-disponibles-en-nuestra-web","status":"publish","type":"post","link":"https:\/\/rallyeisladelosvolcanes.es\/?p=1861","title":{"rendered":"Los principales datos de la prueba ya est\u00e1n disponibles en nuestra web"},"content":{"rendered":"\n<p>El CD. Evesport como organizador del Rallye de Tierra Isla de los Volcanes-Trofeo Ciudad de Arrecife, pr\u00f3xima cita del\u00a0<strong>Campeonato de Espa\u00f1a &#8211; CERT Rallycar<\/strong>, ya tiene disponible en su web oficial (<a rel=\"noreferrer noopener\" href=\"http:\/\/www.rallyeisladelosvolcanes.es\/\" target=\"_blank\">www.rallyeisladelosvolcanes.es<\/a>), los principales datos de la prueba a disputarse del\u00a0<strong>7 al 9 de agosto en Lanzarote<\/strong>, como su programa de actividades y el itinerario con los nombres oficiales de los tramos cronometrados, dentro de los que permite la reglamentaci\u00f3n como rut\u00f3metro secreto hasta la fecha de su publicaci\u00f3n definitiva. A falta ya de menos de 50 d\u00edas para su celebraci\u00f3n, las expectativas aumentan cada d\u00eda para esta cita del Nacional.<\/p>\n\n\n\n<p>La prueba se realizar\u00e1 en tres jornadas, con los proleg\u00f3menos y test oficiales para los equipos durante el jueves. El viernes ser\u00e1 un d\u00eda largo en actividades, con parte de los reconocimientos, verificaciones de los veh\u00edculos de competici\u00f3n, mucho trabajo en la nueva zona de asistencia ubicada en \u00abManeje\u00bb, dentro de Arrecife, el shakedown (13 h) y el tramo de calificaci\u00f3n (15:15 h) en el cl\u00e1sico tramo<strong>\u00a0\u00abPuerto del Carmen\u00bb.\u00a0<\/strong><\/p>\n\n\n\n<p>A continuaci\u00f3n viene el plato fuerte del viernes con la s\u00faper-especial<strong>\u00a0\u00abCiudad de Arrecife\u00bb<\/strong>, en la zona del recinto ferial, que abrir\u00e1 el rallye en la capital de Lanzarote a partir de las 18:20 horas. Y todav\u00eda nos queda la presentaci\u00f3n de los equipos y elecci\u00f3n del orden de salida para esa tarde-noche,\u00a0a partir de las 20:30 h.\u00a0<br>El grueso de los tramos cronometrados se disputan el s\u00e1bado desde las 7:30 de la ma\u00f1ana y hasta las 19:20 de la tarde, con la entrega de trofeos a continuaci\u00f3n en el nuevo escenario de todas las ceremonias, que ser\u00e1 la Avenida Fred Olsen de Arrecife, junto a la Playa del Reducto.<\/p>\n\n\n\n<figure class=\"wp-block-image size-large\"><img loading=\"lazy\" decoding=\"async\" width=\"1024\" height=\"683\" src=\"http:\/\/rallyeisladelosvolcanes.es\/wp-content\/uploads\/2025\/06\/BEN5412-1024x683.jpg\" alt=\"\" class=\"wp-image-1863\" srcset=\"https:\/\/rallyeisladelosvolcanes.es\/wp-content\/uploads\/2025\/06\/BEN5412-1024x683.jpg 1024w, https:\/\/rallyeisladelosvolcanes.es\/wp-content\/uploads\/2025\/06\/BEN5412-300x200.jpg 300w, https:\/\/rallyeisladelosvolcanes.es\/wp-content\/uploads\/2025\/06\/BEN5412-768x512.jpg 768w, https:\/\/rallyeisladelosvolcanes.es\/wp-content\/uploads\/2025\/06\/BEN5412-1536x1024.jpg 1536w, https:\/\/rallyeisladelosvolcanes.es\/wp-content\/uploads\/2025\/06\/BEN5412.jpg 1620w\" sizes=\"auto, (max-width: 1024px) 100vw, 1024px\" \/><\/figure>\n\n\n\n<p>Los nombres de los tramos van acordes con los patrocinadores del RTIV25:\u00a0<strong>\u00abOrvecame\u00bb<\/strong>\u00a0(11,43 km),\u00a0<strong>\u00abNaviera Armas-Trasmediterr\u00e1nea\u00bb<\/strong>\u00a0(12,11 km), para las dos primeras secciones del s\u00e1bado (a doble pasada). Le siguen por\u00a0la tarde<strong>\u00a0\u00abCentros Tur\u00edsticos de Lanzarote\u00bb<\/strong>\u00a0(11,13 km) y\u00a0<strong>\u00abCICAR\u00bb<\/strong>\u00a0(20,46 km), tambi\u00e9n a doble pasada. En total nueve especiales cronometradas\u00a0que suman 103,8 km del total del rut\u00f3metro de 349,94 km, lo que significa casi el 30% en tramos.<br>Como ya indicamos en el anterior comunicado, pr\u00e1cticamente todos los seguidores del CERT-Rallycar estar\u00e1n en la cita de Lanzarote, adem\u00e1s de alg\u00fan piloto internacional todav\u00eda por confirmar. Y como novedad este a\u00f1o los equipos que siguen el certamen nacional Clio Trophy de Tierra, que llega por primera vez a Canarias gracias al acuerdo entre ambas organizaciones.<\/p>\n\n\n\n<p>Evesport ha dispuesto un a\u00f1o m\u00e1s un amplio paquete de ayudas al transporte desde la Pen\u00ednsula a la isla de Lanzarote, gracias a la colaboraci\u00f3n con la\u00a0<strong>Naviera Armas-Trasmediterr\u00e1nea<\/strong> , m\u00e1s una oferta de alojamiento y coche de alquiler para todos los equipos visitantes. Y adem\u00e1s otra oferta dentro de las Islas Canarias para los equipos locales, a los que tambi\u00e9n se aplicar\u00e1n descuentos al transporte v\u00eda convenio con la Naviera Armas-Trasmediterr\u00e1nea y se beneficiar\u00e1n igualmente del paquete de ofertas de la organizaci\u00f3n. Toda esta informaci\u00f3n ya est\u00e1 disponible en la web del RTIV25.<\/p>\n","protected":false},"excerpt":{"rendered":"<p>El CD. Evesport como organizador del Rallye de Tierra Isla de los Volcanes-Trofeo Ciudad de Arrecife, pr\u00f3xima cita del\u00a0Campeonato de<\/p>\n","protected":false},"author":2,"featured_media":1862,"comment_status":"open","ping_status":"open","sticky":false,"template":"","format":"standard","meta":{"colormag_page_layout":"default_layout","footnotes":""},"categories":[10,15],"tags":[],"class_list":["post-1861","post","type-post","status-publish","format-standard","has-post-thumbnail","hentry","category-general","category-sports"],"_links":{"self":[{"href":"https:\/\/rallyeisladelosvolcanes.es\/index.php?rest_route=\/wp\/v2\/posts\/1861","targetHints":{"allow":["GET"]}}],"collection":[{"href":"https:\/\/rallyeisladelosvolcanes.es\/index.php?rest_route=\/wp\/v2\/posts"}],"about":[{"href":"https:\/\/rallyeisladelosvolcanes.es\/index.php?rest_route=\/wp\/v2\/types\/post"}],"author":[{"embeddable":true,"href":"https:\/\/rallyeisladelosvolcanes.es\/index.php?rest_route=\/wp\/v2\/users\/2"}],"replies":[{"embeddable":true,"href":"https:\/\/rallyeisladelosvolcanes.es\/index.php?rest_route=%2Fwp%2Fv2%2Fcomments&post=1861"}],"version-history":[{"count":3,"href":"https:\/\/rallyeisladelosvolcanes.es\/index.php?rest_route=\/wp\/v2\/posts\/1861\/revisions"}],"predecessor-version":[{"id":1868,"href":"https:\/\/rallyeisladelosvolcanes.es\/index.php?rest_route=\/wp\/v2\/posts\/1861\/revisions\/1868"}],"wp:featuredmedia":[{"embeddable":true,"href":"https:\/\/rallyeisladelosvolcanes.es\/index.php?rest_route=\/wp\/v2\/media\/1862"}],"wp:attachment":[{"href":"https:\/\/rallyeisladelosvolcanes.es\/index.php?rest_route=%2Fwp%2Fv2%2Fmedia&parent=1861"}],"wp:term":[{"taxonomy":"category","embeddable":true,"href":"https:\/\/rallyeisladelosvolcanes.es\/index.php?rest_route=%2Fwp%2Fv2%2Fcategories&post=1861"},{"taxonomy":"post_tag","embeddable":true,"href":"https:\/\/rallyeisladelosvolcanes.es\/index.php?rest_route=%2Fwp%2Fv2%2Ftags&post=1861"}],"curies":[{"name":"wp","href":"https:\/\/api.w.org\/{rel}","templated":true}]}}