{"id":1926,"date":"2025-07-02T10:07:43","date_gmt":"2025-07-02T10:07:43","guid":{"rendered":"https:\/\/rallyeisladelosvolcanes.es\/?p=1926"},"modified":"2025-07-02T10:08:59","modified_gmt":"2025-07-02T10:08:59","slug":"animada-apertura-de-las-inscripciones","status":"publish","type":"post","link":"https:\/\/rallyeisladelosvolcanes.es\/?p=1926","title":{"rendered":"Animada apertura de las inscripciones"},"content":{"rendered":"\n<figure class=\"wp-block-image size-large\"><img loading=\"lazy\" decoding=\"async\" width=\"1024\" height=\"683\" src=\"http:\/\/rallyeisladelosvolcanes.es\/wp-content\/uploads\/2025\/07\/Raul-Carrasco-1024x683.jpeg\" alt=\"\" class=\"wp-image-1929\" srcset=\"https:\/\/rallyeisladelosvolcanes.es\/wp-content\/uploads\/2025\/07\/Raul-Carrasco-1024x683.jpeg 1024w, https:\/\/rallyeisladelosvolcanes.es\/wp-content\/uploads\/2025\/07\/Raul-Carrasco-300x200.jpeg 300w, https:\/\/rallyeisladelosvolcanes.es\/wp-content\/uploads\/2025\/07\/Raul-Carrasco-768x512.jpeg 768w, https:\/\/rallyeisladelosvolcanes.es\/wp-content\/uploads\/2025\/07\/Raul-Carrasco-1536x1024.jpeg 1536w, https:\/\/rallyeisladelosvolcanes.es\/wp-content\/uploads\/2025\/07\/Raul-Carrasco-2048x1366.jpeg 2048w\" sizes=\"auto, (max-width: 1024px) 100vw, 1024px\" \/><\/figure>\n\n\n\n<p class=\"has-text-align-left\"><strong><em>&#8211; Varios equipos ya figuran en la lista desde este primer d\u00eda, un plazo que&nbsp;finaliza el 30 de julio.<\/em><\/strong> E<strong><em>ntre ellos el lanzarote\u00f1o Ra\u00fal Hern\u00e1ndez, uno de los animadores del CERT-Rallycar 2025.<br><br><\/em><\/strong>El XXVII Rallye de Tierra Isla de los Volcanes-Trofeo Ciudad de Arrecife retoma su actividad con la apertura del plazo de las inscripciones de la cita canaria del Campeonato de Espa\u00f1a-CERT Rallycar, que se disputar\u00e1 del 7 al 9 de agosto en Lanzarote. El \u00faltimo acto fue la presentaci\u00f3n realizada el pasado mes de enero en Madrid con motivo de FITUR.<br>Un mes tienen por delante los equipos seguidores del certamen nacional y de los campeonatos canarios para formalizar su participaci\u00f3n en este rallye de tierra. Pero desde este primer d\u00eda, ya son varias las inscripciones recibidas.<br>La m\u00e1s madrugadora ha sido la de Ra\u00fal Carrasco-Adri\u00e1 Mu\u00f1oz con un Toyota Aygo, equipo con piloto de Andaluc\u00eda y copiloto lanzarote\u00f1o. Con muy poca diferencia de minutos entraba la inscripci\u00f3n del lanzarote\u00f1o Ra\u00fal Hern\u00e1ndez y su copiloto Jos\u00e9 Murado, con Skoda&nbsp;Fabia RS, uno de los equipos que est\u00e1n animando los podio de cada una de las citas disputadas en tierras peninsulares. Y Francisco Puertas-David Nieto, con Renault Clio Rally5 han sido los terceros en inscribirse en nuestro rallye de tierra, entre otros cuantos equipos que seguiremos desvelando a&nbsp;trav\u00e9s de nuestras redes sociales.<br>Ser\u00e1 un mes excitante viendo como van confirmando su presencia en el #RTIV25 la gran mayor\u00eda de los protagonistas del Nacional y del Regional de Canarias. De hecho, en el pasado rally Reino de Le\u00f3n, el equipo del CD. Evesport desplazado pudo confirmar de primera mano la participaci\u00f3n de los principales equipos del certamen nacional, que est\u00e1 encabezado por Gil Membrado-Jandr\u00edn&nbsp;L\u00f3pez (Ford Fiesta), con tres de tres victorias posibles esta temporada 2025.<br>Las ayudas al transporte de los veh\u00edculos, tanto entre islas como desde la Pen\u00ednsula, est\u00e1n siendo fundamentales para facilitar la movilidad. Unos paquetes de ayudas que siguen vigentes gracias al acuerdo de colaboraci\u00f3n con Naviera Armas-Trasmediterr\u00e1nea y que pueden consultarse en nuestra&nbsp;<a>web oficial<\/a>.<br>El cierre de inscripciones ser\u00e1 el mi\u00e9rcoles 30 de julio a las 14 horas a trav\u00e9s de la plataforma podium de la RFEDA.<\/p>\n\n\n\n<figure class=\"wp-block-image size-large\"><img loading=\"lazy\" decoding=\"async\" width=\"1024\" height=\"683\" src=\"https:\/\/rallyeisladelosvolcanes.es\/wp-content\/uploads\/2025\/07\/Fco.-Puertas-1024x683.jpeg\" alt=\"\" class=\"wp-image-1930\" srcset=\"https:\/\/rallyeisladelosvolcanes.es\/wp-content\/uploads\/2025\/07\/Fco.-Puertas-1024x683.jpeg 1024w, https:\/\/rallyeisladelosvolcanes.es\/wp-content\/uploads\/2025\/07\/Fco.-Puertas-300x200.jpeg 300w, https:\/\/rallyeisladelosvolcanes.es\/wp-content\/uploads\/2025\/07\/Fco.-Puertas-768x512.jpeg 768w, https:\/\/rallyeisladelosvolcanes.es\/wp-content\/uploads\/2025\/07\/Fco.-Puertas-1536x1024.jpeg 1536w, https:\/\/rallyeisladelosvolcanes.es\/wp-content\/uploads\/2025\/07\/Fco.-Puertas-2048x1366.jpeg 2048w\" sizes=\"auto, (max-width: 1024px) 100vw, 1024px\" \/><\/figure>\n\n\n\n<p><strong>Fotos: CERT-Rallycar<\/strong><\/p>\n\n\n\n<p><\/p>\n","protected":false},"excerpt":{"rendered":"<p>&#8211; Varios equipos ya figuran en la lista desde este primer d\u00eda, un plazo que&nbsp;finaliza el 30 de julio. Entre<\/p>\n","protected":false},"author":2,"featured_media":1928,"comment_status":"open","ping_status":"open","sticky":false,"template":"","format":"standard","meta":{"colormag_page_layout":"default_layout","footnotes":""},"categories":[10,15],"tags":[],"class_list":["post-1926","post","type-post","status-publish","format-standard","has-post-thumbnail","hentry","category-general","category-sports"],"_links":{"self":[{"href":"https:\/\/rallyeisladelosvolcanes.es\/index.php?rest_route=\/wp\/v2\/posts\/1926","targetHints":{"allow":["GET"]}}],"collection":[{"href":"https:\/\/rallyeisladelosvolcanes.es\/index.php?rest_route=\/wp\/v2\/posts"}],"about":[{"href":"https:\/\/rallyeisladelosvolcanes.es\/index.php?rest_route=\/wp\/v2\/types\/post"}],"author":[{"embeddable":true,"href":"https:\/\/rallyeisladelosvolcanes.es\/index.php?rest_route=\/wp\/v2\/users\/2"}],"replies":[{"embeddable":true,"href":"https:\/\/rallyeisladelosvolcanes.es\/index.php?rest_route=%2Fwp%2Fv2%2Fcomments&post=1926"}],"version-history":[{"count":2,"href":"https:\/\/rallyeisladelosvolcanes.es\/index.php?rest_route=\/wp\/v2\/posts\/1926\/revisions"}],"predecessor-version":[{"id":1932,"href":"https:\/\/rallyeisladelosvolcanes.es\/index.php?rest_route=\/wp\/v2\/posts\/1926\/revisions\/1932"}],"wp:featuredmedia":[{"embeddable":true,"href":"https:\/\/rallyeisladelosvolcanes.es\/index.php?rest_route=\/wp\/v2\/media\/1928"}],"wp:attachment":[{"href":"https:\/\/rallyeisladelosvolcanes.es\/index.php?rest_route=%2Fwp%2Fv2%2Fmedia&parent=1926"}],"wp:term":[{"taxonomy":"category","embeddable":true,"href":"https:\/\/rallyeisladelosvolcanes.es\/index.php?rest_route=%2Fwp%2Fv2%2Fcategories&post=1926"},{"taxonomy":"post_tag","embeddable":true,"href":"https:\/\/rallyeisladelosvolcanes.es\/index.php?rest_route=%2Fwp%2Fv2%2Ftags&post=1926"}],"curies":[{"name":"wp","href":"https:\/\/api.w.org\/{rel}","templated":true}]}}