{"id":2287,"date":"2026-08-13T20:10:46","date_gmt":"2026-08-13T20:10:46","guid":{"rendered":"https:\/\/rallyeisladelosvolcanes.es\/?p=2287"},"modified":"2026-08-13T20:16:46","modified_gmt":"2026-08-13T20:16:46","slug":"una-edicion-historica-del-isla-de-los-volcanes","status":"publish","type":"post","link":"https:\/\/rallyeisladelosvolcanes.es\/?p=2287","title":{"rendered":"Una edici\u00f3n hist\u00f3rica del \u00abIsla de los\u00a0Volcanes\u00bb"},"content":{"rendered":"\n<figure class=\"wp-block-image size-large\"><img loading=\"lazy\" decoding=\"async\" width=\"1024\" height=\"683\" src=\"https:\/\/rallyeisladelosvolcanes.es\/wp-content\/uploads\/2026\/08\/BEN5152-1-1024x683.jpg\" alt=\"\" class=\"wp-image-2293\" srcset=\"https:\/\/rallyeisladelosvolcanes.es\/wp-content\/uploads\/2026\/08\/BEN5152-1-1024x683.jpg 1024w, https:\/\/rallyeisladelosvolcanes.es\/wp-content\/uploads\/2026\/08\/BEN5152-1-300x200.jpg 300w, https:\/\/rallyeisladelosvolcanes.es\/wp-content\/uploads\/2026\/08\/BEN5152-1-768x512.jpg 768w, https:\/\/rallyeisladelosvolcanes.es\/wp-content\/uploads\/2026\/08\/BEN5152-1-1536x1024.jpg 1536w, https:\/\/rallyeisladelosvolcanes.es\/wp-content\/uploads\/2026\/08\/BEN5152-1-2048x1365.jpg 2048w\" sizes=\"auto, (max-width: 1024px) 100vw, 1024px\" \/><\/figure>\n\n\n\n<p class=\"has-text-align-left\">La organizaci\u00f3n del CD. Evesport que preside Jos\u00e9 V\u00edctor Rodr\u00edguez acaba de superar con nota alta una edici\u00f3n hist\u00f3rica del Rallye Isla de los Volcanes-Trofeo Ciudad de Arrecife. Una prueba que ser\u00e1 recordada para siempre por varias razones, tanto por los aficionados, por la isla de Lanzarote y por nuestra propia organizaci\u00f3n.<br>Despu\u00e9s de muchos a\u00f1os, se ha superado el list\u00f3n&nbsp;del Supercampeonato de Espa\u00f1a, la m\u00e1xima categor\u00eda de los rallys espa\u00f1oles. Adem\u00e1s, con las dificultades que entra\u00f1a un rallye sobre tierra en un espacio tan sensible como Lanzarote, una isla Reserva de la Biosfera. Con el apoyo de las instituciones y la m\u00e1xima colaboraci\u00f3n entre federaciones, participantes y p\u00fablico, se alcanz\u00f3 el objetivo de tener un rallye sostenible, seguro y respetuoso con el Medio Ambiente.<br>Hist\u00f3rico por los resultados, con la victoria de un equipo como Lancia Corse Espa\u00f1a, que despu\u00e9s de 30 temporadas ha vuelto a ganar un rallye, esta vez del S-CER. Un resurgir que aumenta el inter\u00e9s para lo que resta del supercampeonato 2026.<br>Hist\u00f3rico por la emoci\u00f3n vivida, con el Hyundai i20-N&nbsp;de Pepe L\u00f3pez-David V\u00e1zquez liderando el rallye del TC1 al TC9 y Diego Ruiloba-\u00c1ngel Vela remontando hasta alcanzar la victoria absoluta en el \u00faltimo tramo&#8230; Y por s\u00f3lo una d\u00e9cima de segundo, el triunfo m\u00e1s apretado del S-CER hasta el momento. Sin olvidarnos que los canarios Yeray Lemes-Aitor Cambeiro les acompa\u00f1aron en ese podio final.<br>La organizaci\u00f3n del CD. Evesport, en la que han actuado unas 300 personas en todo el operativo del RTIV26, se siente muy orgullosa del trabajo realizado y del nivel alcanzado para justificar su presencia en el S-CER de la Real Federaci\u00f3n Espa\u00f1ola de Automovilismo.<br>Nuestras felicitaciones tambi\u00e9n a todos los equipos que han logrado estar en la meta de este incre\u00edble, dif\u00edcil y singular RTIV26, agradeciendo tambi\u00e9n su participaci\u00f3n a todos los equipos canarios del CCRT, que han formado parte de este hist\u00f3rico rallye e igualmente a todos los que nos visitaron en esta emblem\u00e1tica 28\u00ba edici\u00f3n.<br>En nombre de todo el equipo organizativo, gracias a todas las instituciones, patrocinadores, colaboradores, p\u00fablico y aficionados, compa\u00f1eros de la organizaci\u00f3n, federaciones, clubes deportivos y medios de comunicaci\u00f3n, que nos han apoyado de principio a fin&#8230; \u00a1Nos vemos en 2027!<\/p>\n\n\n\n<figure class=\"wp-block-image aligncenter size-full\"><img loading=\"lazy\" decoding=\"async\" width=\"562\" height=\"862\" src=\"https:\/\/rallyeisladelosvolcanes.es\/wp-content\/uploads\/2026\/08\/Patrocinadores-instituciones-y-colaboradores-1.jpg\" alt=\"\" class=\"wp-image-2289\" srcset=\"https:\/\/rallyeisladelosvolcanes.es\/wp-content\/uploads\/2026\/08\/Patrocinadores-instituciones-y-colaboradores-1.jpg 562w, https:\/\/rallyeisladelosvolcanes.es\/wp-content\/uploads\/2026\/08\/Patrocinadores-instituciones-y-colaboradores-1-196x300.jpg 196w\" sizes=\"auto, (max-width: 562px) 100vw, 562px\" \/><\/figure>\n\n\n\n<p><\/p>\n","protected":false},"excerpt":{"rendered":"<p>La organizaci\u00f3n del CD. Evesport que preside Jos\u00e9 V\u00edctor Rodr\u00edguez acaba de superar con nota alta una edici\u00f3n hist\u00f3rica del<\/p>\n","protected":false},"author":2,"featured_media":2296,"comment_status":"open","ping_status":"open","sticky":false,"template":"","format":"standard","meta":{"colormag_page_layout":"default_layout","footnotes":""},"categories":[10,15],"tags":[],"class_list":["post-2287","post","type-post","status-publish","format-standard","has-post-thumbnail","hentry","category-general","category-sports"],"_links":{"self":[{"href":"https:\/\/rallyeisladelosvolcanes.es\/index.php?rest_route=\/wp\/v2\/posts\/2287","targetHints":{"allow":["GET"]}}],"collection":[{"href":"https:\/\/rallyeisladelosvolcanes.es\/index.php?rest_route=\/wp\/v2\/posts"}],"about":[{"href":"https:\/\/rallyeisladelosvolcanes.es\/index.php?rest_route=\/wp\/v2\/types\/post"}],"author":[{"embeddable":true,"href":"https:\/\/rallyeisladelosvolcanes.es\/index.php?rest_route=\/wp\/v2\/users\/2"}],"replies":[{"embeddable":true,"href":"https:\/\/rallyeisladelosvolcanes.es\/index.php?rest_route=%2Fwp%2Fv2%2Fcomments&post=2287"}],"version-history":[{"count":2,"href":"https:\/\/rallyeisladelosvolcanes.es\/index.php?rest_route=\/wp\/v2\/posts\/2287\/revisions"}],"predecessor-version":[{"id":2295,"href":"https:\/\/rallyeisladelosvolcanes.es\/index.php?rest_route=\/wp\/v2\/posts\/2287\/revisions\/2295"}],"wp:featuredmedia":[{"embeddable":true,"href":"https:\/\/rallyeisladelosvolcanes.es\/index.php?rest_route=\/wp\/v2\/media\/2296"}],"wp:attachment":[{"href":"https:\/\/rallyeisladelosvolcanes.es\/index.php?rest_route=%2Fwp%2Fv2%2Fmedia&parent=2287"}],"wp:term":[{"taxonomy":"category","embeddable":true,"href":"https:\/\/rallyeisladelosvolcanes.es\/index.php?rest_route=%2Fwp%2Fv2%2Fcategories&post=2287"},{"taxonomy":"post_tag","embeddable":true,"href":"https:\/\/rallyeisladelosvolcanes.es\/index.php?rest_route=%2Fwp%2Fv2%2Ftags&post=2287"}],"curies":[{"name":"wp","href":"https:\/\/api.w.org\/{rel}","templated":true}]}}